{"id":20713,"date":"2024-06-17T17:53:58","date_gmt":"2024-06-17T17:53:58","guid":{"rendered":"https:\/\/cnctulua.tv\/?p=20713"},"modified":"2024-06-17T17:54:04","modified_gmt":"2024-06-17T17:54:04","slug":"instalacion-del-batallon-de-infanteria-no-8-batalla-de-pichincha-en-jamundi-un-paso-crucial-para-la-seguridad-territorial","status":"publish","type":"post","link":"https:\/\/cnctulua.tv\/?p=20713","title":{"rendered":"INSTALACI\u00d3N DEL BATALL\u00d3N DE INFANTER\u00cdA NO. 8 \u2018BATALLA DE PICHINCHA\u2019 EN JAMUND\u00cd: UN PASO CRUCIAL PARA LA SEGURIDAD TERRITORIAL."},"content":{"rendered":"\n<p>En Jamund\u00ed, Valle del Cauca, se est\u00e1n dando pasos significativos hacia la consolidaci\u00f3n de la seguridad territorial con la posible instalaci\u00f3n del Batall\u00f3n de Infanter\u00eda No. 8 \u2018Batalla de Pichincha\u2019. Desde el inicio de su gesti\u00f3n, la gobernadora Dilian Francisca Toro ha liderado esta iniciativa con el objetivo claro de recuperar el control de la zona y fortalecer las operaciones contra el narcotr\u00e1fico.<\/p>\n\n\n\n<figure class=\"wp-block-embed is-type-video is-provider-youtube wp-block-embed-youtube wp-embed-aspect-16-9 wp-has-aspect-ratio\"><div class=\"wp-block-embed__wrapper\">\n<iframe loading=\"lazy\" title=\"Avanza iniciativa para establecer el Batall\u00f3n de Infanter\u00eda No 8 \u2018Batalla de Pichincha\u2019 en Jamund\u00ed.\" width=\"640\" height=\"360\" src=\"https:\/\/www.youtube.com\/embed\/MoThAcH61gI?feature=oembed\" frameborder=\"0\" allow=\"accelerometer; autoplay; clipboard-write; encrypted-media; gyroscope; picture-in-picture; web-share\" referrerpolicy=\"strict-origin-when-cross-origin\" allowfullscreen><\/iframe>\n<\/div><\/figure>\n\n\n\n<p><\/p>\n\n\n\n<p>Los esfuerzos han sido respaldados tanto por el Ej\u00e9rcito Nacional como por la Alcald\u00eda de Jamund\u00ed, quienes han trabajado de manera coordinada para identificar los terrenos m\u00e1s adecuados para la ubicaci\u00f3n del batall\u00f3n. Actualmente, se encuentran en proceso de negociaci\u00f3n con los propietarios de cinco predios potenciales, todos ellos evaluados por el Ministerio de Defensa y algunos administrados por la Sociedad de Activos Especiales.<\/p>\n\n\n\n<figure class=\"wp-block-image size-large is-resized\"><img loading=\"lazy\" decoding=\"async\" width=\"1024\" height=\"859\" src=\"https:\/\/cnctulua.tv\/wp-content\/uploads\/2024\/06\/WhatsApp-Image-2024-06-15-at-7.06.25-PM-1024x859.jpeg\" alt=\"\" class=\"wp-image-20714\" style=\"width:921px;height:auto\" srcset=\"https:\/\/cnctulua.tv\/wp-content\/uploads\/2024\/06\/WhatsApp-Image-2024-06-15-at-7.06.25-PM-1024x859.jpeg 1024w, https:\/\/cnctulua.tv\/wp-content\/uploads\/2024\/06\/WhatsApp-Image-2024-06-15-at-7.06.25-PM-300x252.jpeg 300w, https:\/\/cnctulua.tv\/wp-content\/uploads\/2024\/06\/WhatsApp-Image-2024-06-15-at-7.06.25-PM-768x644.jpeg 768w, https:\/\/cnctulua.tv\/wp-content\/uploads\/2024\/06\/WhatsApp-Image-2024-06-15-at-7.06.25-PM-1536x1288.jpeg 1536w, https:\/\/cnctulua.tv\/wp-content\/uploads\/2024\/06\/WhatsApp-Image-2024-06-15-at-7.06.25-PM-2048x1718.jpeg 2048w, https:\/\/cnctulua.tv\/wp-content\/uploads\/2024\/06\/WhatsApp-Image-2024-06-15-at-7.06.25-PM-scaled.jpeg 1287w\" sizes=\"auto, (max-width: 1024px) 100vw, 1024px\" \/><\/figure>\n\n\n\n<p>Ana Mar\u00eda Sanclemente, secretaria de Convivencia y Seguridad del Valle, ha subrayado la importancia estrat\u00e9gica de esta ubicaci\u00f3n en la zona alta de Jamund\u00ed. Adem\u00e1s de facilitar la movilizaci\u00f3n de tropas, la presencia del batall\u00f3n permitir\u00e1 ejecutar operaciones cruciales para combatir el tr\u00e1fico de drogas y restablecer la paz en las \u00e1reas rurales, particularmente en aquellas afectadas por cultivos de coca que conectan con el departamento del Cauca.<\/p>\n\n\n\n<figure class=\"wp-block-image size-large is-resized\"><img loading=\"lazy\" decoding=\"async\" width=\"1024\" height=\"461\" src=\"https:\/\/cnctulua.tv\/wp-content\/uploads\/2024\/06\/WhatsApp-Image-2024-06-16-at-2.34.02-PM-1024x461.jpeg\" alt=\"\" class=\"wp-image-20715\" style=\"width:921px;height:auto\" srcset=\"https:\/\/cnctulua.tv\/wp-content\/uploads\/2024\/06\/WhatsApp-Image-2024-06-16-at-2.34.02-PM-1024x461.jpeg 1024w, https:\/\/cnctulua.tv\/wp-content\/uploads\/2024\/06\/WhatsApp-Image-2024-06-16-at-2.34.02-PM-300x135.jpeg 300w, https:\/\/cnctulua.tv\/wp-content\/uploads\/2024\/06\/WhatsApp-Image-2024-06-16-at-2.34.02-PM-768x346.jpeg 768w, https:\/\/cnctulua.tv\/wp-content\/uploads\/2024\/06\/WhatsApp-Image-2024-06-16-at-2.34.02-PM.jpeg 1280w\" sizes=\"auto, (max-width: 1024px) 100vw, 1024px\" \/><\/figure>\n\n\n\n<p>La comunidad local ha expresado su apoyo a esta iniciativa, consider\u00e1ndola fundamental para mejorar las condiciones de seguridad y calidad de vida en la regi\u00f3n. Se espera que en los pr\u00f3ximos meses se concrete la adquisici\u00f3n de uno de los predios y se d\u00e9 inicio a la construcci\u00f3n de las instalaciones necesarias para la operatividad del Batall\u00f3n de Infanter\u00eda No. 8 \u2018Batalla de Pichincha\u2019 en Jamund\u00ed, marcando as\u00ed un hito en la estrategia de seguridad del Valle del Cauca.<\/p>\n","protected":false},"excerpt":{"rendered":"<p>En Jamund\u00ed, Valle del Cauca, se est\u00e1n dando pasos significativos hacia la consolidaci\u00f3n de la seguridad territorial con la posible instalaci\u00f3n del Batall\u00f3n de Infanter\u00eda No. 8 \u2018Batalla de Pichincha\u2019. Desde el inicio de su gesti\u00f3n, la gobernadora Dilian Francisca Toro ha liderado esta iniciativa con el objetivo claro de recuperar el control de la [&hellip;]<\/p>\n","protected":false},"author":3,"featured_media":20716,"comment_status":"open","ping_status":"open","sticky":false,"template":"","format":"video","meta":{"footnotes":""},"categories":[10],"tags":[],"class_list":["post-20713","post","type-post","status-publish","format-video","has-post-thumbnail","hentry","category-cnc-noticias-tulua","post_format-post-format-video"],"_links":{"self":[{"href":"https:\/\/cnctulua.tv\/index.php?rest_route=\/wp\/v2\/posts\/20713","targetHints":{"allow":["GET"]}}],"collection":[{"href":"https:\/\/cnctulua.tv\/index.php?rest_route=\/wp\/v2\/posts"}],"about":[{"href":"https:\/\/cnctulua.tv\/index.php?rest_route=\/wp\/v2\/types\/post"}],"author":[{"embeddable":true,"href":"https:\/\/cnctulua.tv\/index.php?rest_route=\/wp\/v2\/users\/3"}],"replies":[{"embeddable":true,"href":"https:\/\/cnctulua.tv\/index.php?rest_route=%2Fwp%2Fv2%2Fcomments&post=20713"}],"version-history":[{"count":1,"href":"https:\/\/cnctulua.tv\/index.php?rest_route=\/wp\/v2\/posts\/20713\/revisions"}],"predecessor-version":[{"id":20717,"href":"https:\/\/cnctulua.tv\/index.php?rest_route=\/wp\/v2\/posts\/20713\/revisions\/20717"}],"wp:featuredmedia":[{"embeddable":true,"href":"https:\/\/cnctulua.tv\/index.php?rest_route=\/wp\/v2\/media\/20716"}],"wp:attachment":[{"href":"https:\/\/cnctulua.tv\/index.php?rest_route=%2Fwp%2Fv2%2Fmedia&parent=20713"}],"wp:term":[{"taxonomy":"category","embeddable":true,"href":"https:\/\/cnctulua.tv\/index.php?rest_route=%2Fwp%2Fv2%2Fcategories&post=20713"},{"taxonomy":"post_tag","embeddable":true,"href":"https:\/\/cnctulua.tv\/index.php?rest_route=%2Fwp%2Fv2%2Ftags&post=20713"}],"curies":[{"name":"wp","href":"https:\/\/api.w.org\/{rel}","templated":true}]}}