{"id":20718,"date":"2024-06-17T18:04:21","date_gmt":"2024-06-17T18:04:21","guid":{"rendered":"https:\/\/cnctulua.tv\/?p=20718"},"modified":"2024-06-17T18:04:27","modified_gmt":"2024-06-17T18:04:27","slug":"celebracion-del-dia-del-padre-en-tulua-autoridades-reportan-reduccion-en-incidentes-violentos","status":"publish","type":"post","link":"https:\/\/cnctulua.tv\/?p=20718","title":{"rendered":"CELEBRACI\u00d3N DEL D\u00cdA DEL PADRE EN TULU\u00c1: AUTORIDADES REPORTAN REDUCCI\u00d3N EN INCIDENTES VIOLENTOS."},"content":{"rendered":"\n<p>En Tulu\u00e1, la celebraci\u00f3n del D\u00eda del Padre transcurri\u00f3 este a\u00f1o con una destacada reducci\u00f3n en incidentes violentos, seg\u00fan el informe proporcionado por el Comandante del Segundo Distrito, Nicol\u00e1s Su\u00e1rez Plata. A diferencia del a\u00f1o anterior, que lamentablemente registr\u00f3 un homicidio por intolerancia durante esta misma festividad, el 2024 se caracteriz\u00f3 por una jornada tranquila y sin p\u00e9rdidas humanas.<\/p>\n\n\n\n<p><\/p>\n\n\n\n<p><\/p>\n\n\n\n<figure class=\"wp-block-embed is-type-video is-provider-youtube wp-block-embed-youtube wp-embed-aspect-16-9 wp-has-aspect-ratio\"><div class=\"wp-block-embed__wrapper\">\n<iframe loading=\"lazy\" title=\"Tulu\u00e1 celebr\u00f3 el D\u00eda del Padre con notable disminuci\u00f3n de incidentes violentos.\" width=\"640\" height=\"360\" src=\"https:\/\/www.youtube.com\/embed\/kYmSFr7MA-k?feature=oembed\" frameborder=\"0\" allow=\"accelerometer; autoplay; clipboard-write; encrypted-media; gyroscope; picture-in-picture; web-share\" referrerpolicy=\"strict-origin-when-cross-origin\" allowfullscreen><\/iframe>\n<\/div><\/figure>\n\n\n\n<p>Desde las primeras horas del domingo, los centros comerciales, parques y restaurantes de la ciudad fueron escenarios de encuentro para las familias y los padres que disfrutaron de diversas actividades. Aunque las autoridades atendieron varios casos de violencia intrafamiliar, mayormente vinculados al consumo excesivo de alcohol, se destac\u00f3 la ausencia de incidentes graves como lesiones o nuevos homicidios.<\/p>\n\n\n\n<p>El Comandante Su\u00e1rez Plata enfatiz\u00f3 el \u00e9xito en t\u00e9rminos de seguridad durante la celebraci\u00f3n, destacando que \u00abno se registraron afectaciones a la vida ni ning\u00fan homicidio\u00bb. Sin embargo, se observ\u00f3 un aumento significativo del 136% en los casos de violencia intrafamiliar atendidos en comparaci\u00f3n con el a\u00f1o anterior, un fen\u00f3meno que las autoridades locales contin\u00faan monitoreando de cerca.<\/p>\n\n\n\n<p>Durante la noche, los establecimientos abiertos al p\u00fablico permanecieron activos hasta altas horas de la madrugada sin reportes de incidentes relevantes, y el cierre de los locales se llev\u00f3 a cabo de manera ordenada, sin necesidad de intervenci\u00f3n policial.<\/p>\n\n\n\n<p>\u00abNos complace informar que no se registraron hurtos y que los sectores nocturnos operaron con normalidad y seguridad para todos los ciudadanos\u00bb, afirm\u00f3 Su\u00e1rez Plata, extendiendo su reconocimiento a la comunidad por su comportamiento responsable y pac\u00edfico durante esta celebraci\u00f3n especial.<\/p>\n","protected":false},"excerpt":{"rendered":"<p>En Tulu\u00e1, la celebraci\u00f3n del D\u00eda del Padre transcurri\u00f3 este a\u00f1o con una destacada reducci\u00f3n en incidentes violentos, seg\u00fan el informe proporcionado por el Comandante del Segundo Distrito, Nicol\u00e1s Su\u00e1rez Plata. A diferencia del a\u00f1o anterior, que lamentablemente registr\u00f3 un homicidio por intolerancia durante esta misma festividad, el 2024 se caracteriz\u00f3 por una jornada tranquila [&hellip;]<\/p>\n","protected":false},"author":3,"featured_media":20719,"comment_status":"open","ping_status":"open","sticky":false,"template":"","format":"video","meta":{"footnotes":""},"categories":[10],"tags":[],"class_list":["post-20718","post","type-post","status-publish","format-video","has-post-thumbnail","hentry","category-cnc-noticias-tulua","post_format-post-format-video"],"_links":{"self":[{"href":"https:\/\/cnctulua.tv\/index.php?rest_route=\/wp\/v2\/posts\/20718","targetHints":{"allow":["GET"]}}],"collection":[{"href":"https:\/\/cnctulua.tv\/index.php?rest_route=\/wp\/v2\/posts"}],"about":[{"href":"https:\/\/cnctulua.tv\/index.php?rest_route=\/wp\/v2\/types\/post"}],"author":[{"embeddable":true,"href":"https:\/\/cnctulua.tv\/index.php?rest_route=\/wp\/v2\/users\/3"}],"replies":[{"embeddable":true,"href":"https:\/\/cnctulua.tv\/index.php?rest_route=%2Fwp%2Fv2%2Fcomments&post=20718"}],"version-history":[{"count":1,"href":"https:\/\/cnctulua.tv\/index.php?rest_route=\/wp\/v2\/posts\/20718\/revisions"}],"predecessor-version":[{"id":20720,"href":"https:\/\/cnctulua.tv\/index.php?rest_route=\/wp\/v2\/posts\/20718\/revisions\/20720"}],"wp:featuredmedia":[{"embeddable":true,"href":"https:\/\/cnctulua.tv\/index.php?rest_route=\/wp\/v2\/media\/20719"}],"wp:attachment":[{"href":"https:\/\/cnctulua.tv\/index.php?rest_route=%2Fwp%2Fv2%2Fmedia&parent=20718"}],"wp:term":[{"taxonomy":"category","embeddable":true,"href":"https:\/\/cnctulua.tv\/index.php?rest_route=%2Fwp%2Fv2%2Fcategories&post=20718"},{"taxonomy":"post_tag","embeddable":true,"href":"https:\/\/cnctulua.tv\/index.php?rest_route=%2Fwp%2Fv2%2Ftags&post=20718"}],"curies":[{"name":"wp","href":"https:\/\/api.w.org\/{rel}","templated":true}]}}