{"id":20734,"date":"2024-06-17T19:20:41","date_gmt":"2024-06-17T19:20:41","guid":{"rendered":"https:\/\/cnctulua.tv\/?p=20734"},"modified":"2024-06-17T19:24:17","modified_gmt":"2024-06-17T19:24:17","slug":"ataque-a-vehiculo-del-padre-de-la-vicepresidenta-francia-marquez-en-suarez-autoridades-despliegan-respuesta-inmediata","status":"publish","type":"post","link":"https:\/\/cnctulua.tv\/?p=20734","title":{"rendered":"ATAQUE A VEH\u00cdCULO DEL PADRE DE LA VICEPRESIDENTA FRANCIA M\u00c1RQUEZ EN SU\u00c1REZ: AUTORIDADES DESPLIEGAN RESPUESTA INMEDIATA."},"content":{"rendered":"\n<p><\/p>\n\n\n\n<p>En un incidente registrado en el municipio de Su\u00e1rez, espec\u00edficamente en el corregimiento de Robles, un veh\u00edculo blindado asignado al esquema de seguridad del padre de la vicepresidenta de la naci\u00f3n fue objeto de un ataque directo. Este acto de violencia comprometi\u00f3 la seguridad de los ocupantes del veh\u00edculo, desencadenando una respuesta inmediata por parte de las autoridades competentes.<\/p>\n\n\n\n<p><\/p>\n\n\n\n<figure class=\"wp-block-embed is-type-video is-provider-youtube wp-block-embed-youtube wp-embed-aspect-16-9 wp-has-aspect-ratio\"><div class=\"wp-block-embed__wrapper\">\n<iframe loading=\"lazy\" title=\"Atentado contra veh\u00edculo del padre de la Vicepresidenta Francia M\u00e1rquez en Jamund\u00ed.\" width=\"640\" height=\"360\" src=\"https:\/\/www.youtube.com\/embed\/ANTRdXwJgbQ?feature=oembed\" frameborder=\"0\" allow=\"accelerometer; autoplay; clipboard-write; encrypted-media; gyroscope; picture-in-picture; web-share\" referrerpolicy=\"strict-origin-when-cross-origin\" allowfullscreen><\/iframe>\n<\/div><\/figure>\n\n\n\n<p>El Coronel Carlos Germ\u00e1n Oviedo Lamprea, Comandante de la Polic\u00eda Metropolitana de Santiago de Cali, inform\u00f3 que tras recibir el reporte en la subestaci\u00f3n de polic\u00eda de Robles, se activ\u00f3 de inmediato un refuerzo del dispositivo de seguridad. Este refuerzo incluy\u00f3 el despliegue de un helic\u00f3ptero perteneciente a la Polic\u00eda Nacional para la evacuaci\u00f3n urgente hacia la ciudad de Cali, en coordinaci\u00f3n con la Fiscal\u00eda General de la Naci\u00f3n y la Seccional de Investigaci\u00f3n Criminal.<\/p>\n\n\n\n<figure class=\"wp-block-image size-large is-resized\"><img loading=\"lazy\" decoding=\"async\" width=\"1024\" height=\"768\" src=\"https:\/\/cnctulua.tv\/wp-content\/uploads\/2024\/06\/WhatsApp-Image-2024-06-16-at-5.40.55-PM-1-1024x768.jpeg\" alt=\"\" class=\"wp-image-20735\" style=\"width:943px;height:auto\" srcset=\"https:\/\/cnctulua.tv\/wp-content\/uploads\/2024\/06\/WhatsApp-Image-2024-06-16-at-5.40.55-PM-1-1024x768.jpeg 1024w, https:\/\/cnctulua.tv\/wp-content\/uploads\/2024\/06\/WhatsApp-Image-2024-06-16-at-5.40.55-PM-1-300x225.jpeg 300w, https:\/\/cnctulua.tv\/wp-content\/uploads\/2024\/06\/WhatsApp-Image-2024-06-16-at-5.40.55-PM-1-768x576.jpeg 768w, https:\/\/cnctulua.tv\/wp-content\/uploads\/2024\/06\/WhatsApp-Image-2024-06-16-at-5.40.55-PM-1.jpeg 1280w\" sizes=\"auto, (max-width: 1024px) 100vw, 1024px\" \/><\/figure>\n\n\n\n<p>\u00abEstamos tratando este hecho como una prioridad absoluta para la Polic\u00eda Nacional\u00bb, afirm\u00f3 el Coronel Oviedo Lamprea. \u00abSe han iniciado actos urgentes con el objetivo de identificar a los responsables de este acto de violencia.\u00bb<\/p>\n\n\n\n<p>Como parte de los esfuerzos para esclarecer el incidente, se ha establecido una investigaci\u00f3n prioritaria respaldada por una recompensa de hasta 100 millones de pesos para cualquier informaci\u00f3n que conduzca a la identificaci\u00f3n y captura de los perpetradores.<\/p>\n\n\n\n<p>Se hace un llamado a la colaboraci\u00f3n activa de la comunidad y las autoridades locales para proporcionar cualquier dato que pueda ser crucial para el avance de la investigaci\u00f3n.<\/p>\n\n\n\n<p>El Comandante de la Polic\u00eda Metropolitana reiter\u00f3 el compromiso de la instituci\u00f3n con la seguridad ciudadana y asegur\u00f3 que se utilizar\u00e1n todos los recursos disponibles para llevar ante la justicia a los responsables de este acto violento.<\/p>\n","protected":false},"excerpt":{"rendered":"<p>En un incidente registrado en el municipio de Su\u00e1rez, espec\u00edficamente en el corregimiento de Robles, un veh\u00edculo blindado asignado al esquema de seguridad del padre de la vicepresidenta de la naci\u00f3n fue objeto de un ataque directo. Este acto de violencia comprometi\u00f3 la seguridad de los ocupantes del veh\u00edculo, desencadenando una respuesta inmediata por parte [&hellip;]<\/p>\n","protected":false},"author":3,"featured_media":20736,"comment_status":"open","ping_status":"open","sticky":false,"template":"","format":"video","meta":{"footnotes":""},"categories":[10],"tags":[],"class_list":["post-20734","post","type-post","status-publish","format-video","has-post-thumbnail","hentry","category-cnc-noticias-tulua","post_format-post-format-video"],"_links":{"self":[{"href":"https:\/\/cnctulua.tv\/index.php?rest_route=\/wp\/v2\/posts\/20734","targetHints":{"allow":["GET"]}}],"collection":[{"href":"https:\/\/cnctulua.tv\/index.php?rest_route=\/wp\/v2\/posts"}],"about":[{"href":"https:\/\/cnctulua.tv\/index.php?rest_route=\/wp\/v2\/types\/post"}],"author":[{"embeddable":true,"href":"https:\/\/cnctulua.tv\/index.php?rest_route=\/wp\/v2\/users\/3"}],"replies":[{"embeddable":true,"href":"https:\/\/cnctulua.tv\/index.php?rest_route=%2Fwp%2Fv2%2Fcomments&post=20734"}],"version-history":[{"count":2,"href":"https:\/\/cnctulua.tv\/index.php?rest_route=\/wp\/v2\/posts\/20734\/revisions"}],"predecessor-version":[{"id":20738,"href":"https:\/\/cnctulua.tv\/index.php?rest_route=\/wp\/v2\/posts\/20734\/revisions\/20738"}],"wp:featuredmedia":[{"embeddable":true,"href":"https:\/\/cnctulua.tv\/index.php?rest_route=\/wp\/v2\/media\/20736"}],"wp:attachment":[{"href":"https:\/\/cnctulua.tv\/index.php?rest_route=%2Fwp%2Fv2%2Fmedia&parent=20734"}],"wp:term":[{"taxonomy":"category","embeddable":true,"href":"https:\/\/cnctulua.tv\/index.php?rest_route=%2Fwp%2Fv2%2Fcategories&post=20734"},{"taxonomy":"post_tag","embeddable":true,"href":"https:\/\/cnctulua.tv\/index.php?rest_route=%2Fwp%2Fv2%2Ftags&post=20734"}],"curies":[{"name":"wp","href":"https:\/\/api.w.org\/{rel}","templated":true}]}}