{"id":20753,"date":"2024-06-17T20:04:04","date_gmt":"2024-06-17T20:04:04","guid":{"rendered":"https:\/\/cnctulua.tv\/?p=20753"},"modified":"2024-06-17T20:04:13","modified_gmt":"2024-06-17T20:04:13","slug":"cesar-augusto-arias-hernandez-lidera-taller-conferencia-para-redefinir-la-excelencia-organizacional-en-salud-en-el-h-d-t-u-u","status":"publish","type":"post","link":"https:\/\/cnctulua.tv\/?p=20753","title":{"rendered":"C\u00c9SAR AUGUSTO ARIAS HERN\u00c1NDEZ LIDERA TALLER-CONFERENCIA PARA REDEFINIR LA EXCELENCIA ORGANIZACIONAL EN SALUD, EN EL H.D.T.U.U."},"content":{"rendered":"\n<p>En un esfuerzo por fortalecer la capacitaci\u00f3n y el desarrollo profesional en el sector de la salud, el m\u00e9dico cirujano C\u00e9sar Augusto Arias Hern\u00e1ndez lider\u00f3 un destacado taller conferencia esta semana en el auditorio del \u00c1gora. El evento no solo represent\u00f3 una oportunidad \u00fanica para avanzar en la excelencia operativa y estrat\u00e9gica, sino que tambi\u00e9n marc\u00f3 un importante paso hacia adelante en la mejora continua del sistema de atenci\u00f3n sanitaria en Latinoam\u00e9rica, con especial foco en Colombia.<\/p>\n\n\n\n<figure class=\"wp-block-embed is-type-video is-provider-youtube wp-block-embed-youtube wp-embed-aspect-16-9 wp-has-aspect-ratio\"><div class=\"wp-block-embed__wrapper\">\n<iframe loading=\"lazy\" title=\"Taller-Conferencia \u201cExcelencia en la Orientaci\u00f3n al Logro\u201d: por C\u00e9sar Augusto Arias Hern\u00e1ndez\" width=\"640\" height=\"360\" src=\"https:\/\/www.youtube.com\/embed\/suL1rRXS8S4?feature=oembed\" frameborder=\"0\" allow=\"accelerometer; autoplay; clipboard-write; encrypted-media; gyroscope; picture-in-picture; web-share\" referrerpolicy=\"strict-origin-when-cross-origin\" allowfullscreen><\/iframe>\n<\/div><\/figure>\n\n\n\n<p>Desde el d\u00eda de hoy y durante la pr\u00f3xima semana, el Dr. Arias Hern\u00e1ndez dict\u00f3 un taller din\u00e1mico donde los participantes interactuaron activamente. Bajo el tema de \u00abExcelencia en la Orientaci\u00f3n al Logro\u00bb, cada sesi\u00f3n del evento se caracteriz\u00f3 por su enfoque participativo y la generaci\u00f3n de aportes tangibles destinados a mejorar las pr\u00e1cticas dentro de sus respectivas organizaciones.<\/p>\n\n\n\n<p>El taller abord\u00f3 cr\u00edticamente el actual modelo del sistema general de Seguridad Social en salud y explor\u00f3 las proyecciones futuras con el proyecto de reforma en curso. Este enfoque no solo proporcion\u00f3 una comprensi\u00f3n detallada de la situaci\u00f3n actual, sino que tambi\u00e9n prepar\u00f3 a los participantes para enfrentar los desaf\u00edos emergentes tanto a nivel nacional como internacional, especialmente en contextos latinoamericanos y colombianos.<\/p>\n\n\n\n<p>Con un \u00e9nfasis significativo en la aplicaci\u00f3n pr\u00e1ctica de conocimientos, el evento se propuso equipar a los asistentes con las herramientas necesarias para abordar los retos presentes y futuros en el \u00e1mbito de la salud. Se espera que los aprendizajes obtenidos catalicen cambios positivos dentro de las organizaciones participantes, impulsando as\u00ed la excelencia organizacional y la mejora continua en el sector.<\/p>\n\n\n\n<p>La iniciativa fue impulsada con la visi\u00f3n y liderazgo del gerente Felipe Jos\u00e9 Tinoco Zapata, quien destac\u00f3 la importancia estrat\u00e9gica del evento en la transformaci\u00f3n del panorama sanitario regional. Este taller no solo prometi\u00f3 enriquecer la comprensi\u00f3n de los sistemas de salud, sino que tambi\u00e9n inspir\u00f3 a los asistentes a implementar cambios significativos que impacten positivamente en la atenci\u00f3n sanitaria y el bienestar de la comunidad.<\/p>\n\n\n\n<p>El taller conferencia liderado por el Dr. C\u00e9sar Augusto Arias Hern\u00e1ndez se erigi\u00f3 como un hito crucial para aquellos comprometidos con la gesti\u00f3n y la mejora continua de la atenci\u00f3n sanitaria en la regi\u00f3n. Con un enfoque din\u00e1mico y participativo, el evento subray\u00f3 la importancia de la colaboraci\u00f3n interdisciplinaria y el liderazgo informado para enfrentar los desaf\u00edos del ma\u00f1ana en el sector salud.<\/p>\n\n\n\n<figure class=\"wp-block-video\"><\/figure>\n","protected":false},"excerpt":{"rendered":"<p>En un esfuerzo por fortalecer la capacitaci\u00f3n y el desarrollo profesional en el sector de la salud, el m\u00e9dico cirujano C\u00e9sar Augusto Arias Hern\u00e1ndez lider\u00f3 un destacado taller conferencia esta semana en el auditorio del \u00c1gora. El evento no solo represent\u00f3 una oportunidad \u00fanica para avanzar en la excelencia operativa y estrat\u00e9gica, sino que tambi\u00e9n [&hellip;]<\/p>\n","protected":false},"author":3,"featured_media":20754,"comment_status":"open","ping_status":"open","sticky":false,"template":"","format":"video","meta":{"footnotes":""},"categories":[1],"tags":[],"class_list":["post-20753","post","type-post","status-publish","format-video","has-post-thumbnail","hentry","category-uncategorized","post_format-post-format-video"],"_links":{"self":[{"href":"https:\/\/cnctulua.tv\/index.php?rest_route=\/wp\/v2\/posts\/20753","targetHints":{"allow":["GET"]}}],"collection":[{"href":"https:\/\/cnctulua.tv\/index.php?rest_route=\/wp\/v2\/posts"}],"about":[{"href":"https:\/\/cnctulua.tv\/index.php?rest_route=\/wp\/v2\/types\/post"}],"author":[{"embeddable":true,"href":"https:\/\/cnctulua.tv\/index.php?rest_route=\/wp\/v2\/users\/3"}],"replies":[{"embeddable":true,"href":"https:\/\/cnctulua.tv\/index.php?rest_route=%2Fwp%2Fv2%2Fcomments&post=20753"}],"version-history":[{"count":1,"href":"https:\/\/cnctulua.tv\/index.php?rest_route=\/wp\/v2\/posts\/20753\/revisions"}],"predecessor-version":[{"id":20755,"href":"https:\/\/cnctulua.tv\/index.php?rest_route=\/wp\/v2\/posts\/20753\/revisions\/20755"}],"wp:featuredmedia":[{"embeddable":true,"href":"https:\/\/cnctulua.tv\/index.php?rest_route=\/wp\/v2\/media\/20754"}],"wp:attachment":[{"href":"https:\/\/cnctulua.tv\/index.php?rest_route=%2Fwp%2Fv2%2Fmedia&parent=20753"}],"wp:term":[{"taxonomy":"category","embeddable":true,"href":"https:\/\/cnctulua.tv\/index.php?rest_route=%2Fwp%2Fv2%2Fcategories&post=20753"},{"taxonomy":"post_tag","embeddable":true,"href":"https:\/\/cnctulua.tv\/index.php?rest_route=%2Fwp%2Fv2%2Ftags&post=20753"}],"curies":[{"name":"wp","href":"https:\/\/api.w.org\/{rel}","templated":true}]}}