{"id":20780,"date":"2024-06-18T16:26:38","date_gmt":"2024-06-18T16:26:38","guid":{"rendered":"https:\/\/cnctulua.tv\/?p=20780"},"modified":"2024-06-18T16:26:43","modified_gmt":"2024-06-18T16:26:43","slug":"plaza-del-mecato-vallecaucano-es-una-plataforma-para-emprendedores-vallecaucanos-tipico-de-mi-tierra","status":"publish","type":"post","link":"https:\/\/cnctulua.tv\/?p=20780","title":{"rendered":"PLAZA DEL MECATO VALLECAUCANO ES UNA PLATAFORMA PARA EMPRENDEDORES VALLECAUCANOS: \u201cT\u00cdPICO DE MI TIERRA\u201d."},"content":{"rendered":"\n<p>En el din\u00e1mico escenario del Festival de Mecato de este a\u00f1o, el emprendimiento local \u00abT\u00edpico de Mi Tierra\u00bb brill\u00f3 con luz propia, capturando la atenci\u00f3n de los visitantes con su oferta diversa de dulces t\u00edpicos colombianos. Melissa Montero, fundadora de este vibrante negocio, comparti\u00f3 su entusiasmo por la respuesta positiva del p\u00fablico y el impacto en las ventas durante el evento.<\/p>\n\n\n\n<p><\/p>\n\n\n\n<figure class=\"wp-block-embed is-type-video is-provider-youtube wp-block-embed-youtube wp-embed-aspect-16-9 wp-has-aspect-ratio\"><div class=\"wp-block-embed__wrapper\">\n<iframe loading=\"lazy\" title=\"\u201cT\u00edpico de Mi Tierra\u201d dulces, chocolates y caf\u00e9s tradicionales de Colombia.\" width=\"640\" height=\"360\" src=\"https:\/\/www.youtube.com\/embed\/KGmsyR1RL6Y?feature=oembed\" frameborder=\"0\" allow=\"accelerometer; autoplay; clipboard-write; encrypted-media; gyroscope; picture-in-picture; web-share\" referrerpolicy=\"strict-origin-when-cross-origin\" allowfullscreen><\/iframe>\n<\/div><\/figure>\n\n\n\n<p>\u00abEstamos encantados de ver c\u00f3mo los visitantes disfrutan y aprecian nuestros productos, que son verdaderos embajadores de la tradici\u00f3n culinaria de nuestra regi\u00f3n\u00bb, coment\u00f3 Montero. \u00abEl festival ha sido una plataforma invaluable para promover y preservar nuestros dulces artesanales, elaborados con t\u00e9cnicas ancestrales que resaltan el sabor aut\u00e9ntico de Colombia\u00bb.<\/p>\n\n\n\n<figure class=\"wp-block-image size-full is-resized\"><img loading=\"lazy\" decoding=\"async\" width=\"971\" height=\"618\" src=\"https:\/\/cnctulua.tv\/wp-content\/uploads\/2024\/06\/TIPICO.png\" alt=\"\" class=\"wp-image-20781\" style=\"width:893px;height:auto\" srcset=\"https:\/\/cnctulua.tv\/wp-content\/uploads\/2024\/06\/TIPICO.png 971w, https:\/\/cnctulua.tv\/wp-content\/uploads\/2024\/06\/TIPICO-300x191.png 300w, https:\/\/cnctulua.tv\/wp-content\/uploads\/2024\/06\/TIPICO-768x489.png 768w\" sizes=\"auto, (max-width: 971px) 100vw, 971px\" \/><\/figure>\n\n\n\n<p>\u00abT\u00edpico de Mi Tierra\u00bb se distingue como una tienda multimarca ubicada estrat\u00e9gicamente en el Supercentro Tulu\u00e1, ofreciendo no solo una amplia gama de dulces, chocolates y caf\u00e9s, sino tambi\u00e9n un ambiente acogedor que invita a redescubrir las delicias de la infancia y a apoyar a los emprendedores locales.<\/p>\n\n\n\n<p>Con una presencia activa en redes sociales, donde se les puede encontrar bajo el usuario @tipicodemitierra.com en Instagram, y con servicio a domicilio disponible, \u00abT\u00edpico de Mi Tierra\u00bb contin\u00faa fortaleciendo su compromiso con la comunidad y la promoci\u00f3n de productos que enaltecen la identidad cultural colombiana.<\/p>\n","protected":false},"excerpt":{"rendered":"<p>En el din\u00e1mico escenario del Festival de Mecato de este a\u00f1o, el emprendimiento local \u00abT\u00edpico de Mi Tierra\u00bb brill\u00f3 con luz propia, capturando la atenci\u00f3n de los visitantes con su oferta diversa de dulces t\u00edpicos colombianos. Melissa Montero, fundadora de este vibrante negocio, comparti\u00f3 su entusiasmo por la respuesta positiva del p\u00fablico y el impacto [&hellip;]<\/p>\n","protected":false},"author":3,"featured_media":20782,"comment_status":"open","ping_status":"open","sticky":false,"template":"","format":"video","meta":{"footnotes":""},"categories":[1],"tags":[],"class_list":["post-20780","post","type-post","status-publish","format-video","has-post-thumbnail","hentry","category-uncategorized","post_format-post-format-video"],"_links":{"self":[{"href":"https:\/\/cnctulua.tv\/index.php?rest_route=\/wp\/v2\/posts\/20780","targetHints":{"allow":["GET"]}}],"collection":[{"href":"https:\/\/cnctulua.tv\/index.php?rest_route=\/wp\/v2\/posts"}],"about":[{"href":"https:\/\/cnctulua.tv\/index.php?rest_route=\/wp\/v2\/types\/post"}],"author":[{"embeddable":true,"href":"https:\/\/cnctulua.tv\/index.php?rest_route=\/wp\/v2\/users\/3"}],"replies":[{"embeddable":true,"href":"https:\/\/cnctulua.tv\/index.php?rest_route=%2Fwp%2Fv2%2Fcomments&post=20780"}],"version-history":[{"count":1,"href":"https:\/\/cnctulua.tv\/index.php?rest_route=\/wp\/v2\/posts\/20780\/revisions"}],"predecessor-version":[{"id":20783,"href":"https:\/\/cnctulua.tv\/index.php?rest_route=\/wp\/v2\/posts\/20780\/revisions\/20783"}],"wp:featuredmedia":[{"embeddable":true,"href":"https:\/\/cnctulua.tv\/index.php?rest_route=\/wp\/v2\/media\/20782"}],"wp:attachment":[{"href":"https:\/\/cnctulua.tv\/index.php?rest_route=%2Fwp%2Fv2%2Fmedia&parent=20780"}],"wp:term":[{"taxonomy":"category","embeddable":true,"href":"https:\/\/cnctulua.tv\/index.php?rest_route=%2Fwp%2Fv2%2Fcategories&post=20780"},{"taxonomy":"post_tag","embeddable":true,"href":"https:\/\/cnctulua.tv\/index.php?rest_route=%2Fwp%2Fv2%2Ftags&post=20780"}],"curies":[{"name":"wp","href":"https:\/\/api.w.org\/{rel}","templated":true}]}}