{"id":20798,"date":"2024-06-18T18:44:48","date_gmt":"2024-06-18T18:44:48","guid":{"rendered":"https:\/\/cnctulua.tv\/?p=20798"},"modified":"2024-06-18T18:44:55","modified_gmt":"2024-06-18T18:44:55","slug":"fortalecen-en-el-valle-del-cauca-la-proteccion-integral-a-personas-mayores","status":"publish","type":"post","link":"https:\/\/cnctulua.tv\/?p=20798","title":{"rendered":"FORTALECEN EN EL VALLE DEL CAUCA LA PROTECCI\u00d3N INTEGRAL A PERSONAS MAYORES."},"content":{"rendered":"\n<p>En un esfuerzo por garantizar una atenci\u00f3n integral a las personas mayores del departamento, la Gobernaci\u00f3n del Valle del Cauca ha implementado medidas significativas a trav\u00e9s de la Oficina de Atenci\u00f3n Incluyente, con el objetivo de mejorar la calidad de vida y proteger los derechos de este grupo poblacional vulnerable.<\/p>\n\n\n\n<p><\/p>\n\n\n\n<figure class=\"wp-block-embed is-type-video is-provider-youtube wp-block-embed-youtube wp-embed-aspect-16-9 wp-has-aspect-ratio\"><div class=\"wp-block-embed__wrapper\">\n<iframe loading=\"lazy\" title=\"Garantizan atenci\u00f3n integral a personas mayores en el Valle del Cauca.\" width=\"640\" height=\"360\" src=\"https:\/\/www.youtube.com\/embed\/Idm1LZxGGVM?feature=oembed\" frameborder=\"0\" allow=\"accelerometer; autoplay; clipboard-write; encrypted-media; gyroscope; picture-in-picture; web-share\" referrerpolicy=\"strict-origin-when-cross-origin\" allowfullscreen><\/iframe>\n<\/div><\/figure>\n\n\n\n<p>Karen Rada, secretaria de Desarrollo Social y Participaci\u00f3n del Valle del Cauca, destac\u00f3 la importancia de la Ruta para Atenci\u00f3n de las Violencias contra las Personas Mayores, la cual involucra colaboraci\u00f3n estrecha entre el Gobierno departamental, las alcald\u00edas, la Personer\u00eda, la Fiscal\u00eda, la Defensor\u00eda del Pueblo y la comunidad en general. Esta ruta puede ser activada en la Oficina de Atenci\u00f3n Incluyente, ubicada en el primer piso de la Gobernaci\u00f3n, facilitando as\u00ed un acceso r\u00e1pido y eficaz a los servicios necesarios.<\/p>\n\n\n\n<p>Durante el a\u00f1o 2023, se registraron 391 casos de violencia contra personas mayores en la regi\u00f3n, abarcando diversas formas de maltrato que van desde el abandono hasta el da\u00f1o psicol\u00f3gico y f\u00edsico. Ante esta realidad, se han establecido m\u00faltiples canales para la denuncia, incluyendo el correo electr\u00f3nico adultomayordsyp@valledelcauca.gov.co y las l\u00edneas directas como la 106, 123 de la Polic\u00eda Nacional, y la 122, as\u00ed como el n\u00famero nacional 01 8000919748.<\/p>\n\n\n\n<p>Mar\u00eda Gladis Sandoval, representante de la Fundaci\u00f3n El Refugio de Mi Vida, expres\u00f3 su apoyo a estas iniciativas: \u00abMe parece muy bueno que hagan estos espacios de educaci\u00f3n porque muchas fundaciones y muchas personas no saben a d\u00f3nde dirigirse cuando hay un problema o un caso de maltrato con el adulto mayor, y en este momento nos est\u00e1n dando las rutas y explicando todos los pasos que debemos realizar.\u00bb<\/p>\n\n\n\n<p>Con estas acciones, la Gobernaci\u00f3n del Valle del Cauca reafirma su compromiso con la protecci\u00f3n y el bienestar de las personas mayores, promoviendo un entorno seguro y respetuoso para todos los ciudadanos.<\/p>\n","protected":false},"excerpt":{"rendered":"<p>En un esfuerzo por garantizar una atenci\u00f3n integral a las personas mayores del departamento, la Gobernaci\u00f3n del Valle del Cauca ha implementado medidas significativas a trav\u00e9s de la Oficina de Atenci\u00f3n Incluyente, con el objetivo de mejorar la calidad de vida y proteger los derechos de este grupo poblacional vulnerable. Karen Rada, secretaria de Desarrollo [&hellip;]<\/p>\n","protected":false},"author":3,"featured_media":20799,"comment_status":"open","ping_status":"open","sticky":false,"template":"","format":"video","meta":{"footnotes":""},"categories":[10],"tags":[],"class_list":["post-20798","post","type-post","status-publish","format-video","has-post-thumbnail","hentry","category-cnc-noticias-tulua","post_format-post-format-video"],"_links":{"self":[{"href":"https:\/\/cnctulua.tv\/index.php?rest_route=\/wp\/v2\/posts\/20798","targetHints":{"allow":["GET"]}}],"collection":[{"href":"https:\/\/cnctulua.tv\/index.php?rest_route=\/wp\/v2\/posts"}],"about":[{"href":"https:\/\/cnctulua.tv\/index.php?rest_route=\/wp\/v2\/types\/post"}],"author":[{"embeddable":true,"href":"https:\/\/cnctulua.tv\/index.php?rest_route=\/wp\/v2\/users\/3"}],"replies":[{"embeddable":true,"href":"https:\/\/cnctulua.tv\/index.php?rest_route=%2Fwp%2Fv2%2Fcomments&post=20798"}],"version-history":[{"count":1,"href":"https:\/\/cnctulua.tv\/index.php?rest_route=\/wp\/v2\/posts\/20798\/revisions"}],"predecessor-version":[{"id":20800,"href":"https:\/\/cnctulua.tv\/index.php?rest_route=\/wp\/v2\/posts\/20798\/revisions\/20800"}],"wp:featuredmedia":[{"embeddable":true,"href":"https:\/\/cnctulua.tv\/index.php?rest_route=\/wp\/v2\/media\/20799"}],"wp:attachment":[{"href":"https:\/\/cnctulua.tv\/index.php?rest_route=%2Fwp%2Fv2%2Fmedia&parent=20798"}],"wp:term":[{"taxonomy":"category","embeddable":true,"href":"https:\/\/cnctulua.tv\/index.php?rest_route=%2Fwp%2Fv2%2Fcategories&post=20798"},{"taxonomy":"post_tag","embeddable":true,"href":"https:\/\/cnctulua.tv\/index.php?rest_route=%2Fwp%2Fv2%2Ftags&post=20798"}],"curies":[{"name":"wp","href":"https:\/\/api.w.org\/{rel}","templated":true}]}}