{"id":20801,"date":"2024-06-18T18:51:22","date_gmt":"2024-06-18T18:51:22","guid":{"rendered":"https:\/\/cnctulua.tv\/?p=20801"},"modified":"2024-06-18T18:51:28","modified_gmt":"2024-06-18T18:51:28","slug":"inauguran-quinto-ropero-de-inclusion-en-trujillo-impulsando-la-economia-la-circular-y-apoyar-a-personas-mayores","status":"publish","type":"post","link":"https:\/\/cnctulua.tv\/?p=20801","title":{"rendered":"INAUGURAN QUINTO ROPERO DE INCLUSI\u00d3N EN TRUJILLO IMPULSANDO LA ECONOM\u00cdA LA CIRCULAR Y APOYAR A PERSONAS MAYORES."},"content":{"rendered":"\n<p>En un esfuerzo por promover la econom\u00eda circular y brindar apoyo integral a las personas mayores en situaci\u00f3n vulnerable, la Gobernaci\u00f3n del Valle del Cauca inaugur\u00f3 el quinto Ropero de Inclusi\u00f3n en el municipio de Trujillo. Esta iniciativa forma parte de una estrategia regional liderada por la gestora Social del Valle, Jimena Toro, quien destac\u00f3 el impacto positivo que tendr\u00e1 en la comunidad.<\/p>\n\n\n\n<p><\/p>\n\n\n\n<figure class=\"wp-block-embed is-type-video is-provider-youtube wp-block-embed-youtube wp-embed-aspect-16-9 wp-has-aspect-ratio\"><div class=\"wp-block-embed__wrapper\">\n<iframe loading=\"lazy\" title=\"Inauguran en Trujillo el quinto ropero de inclusi\u00f3n y apoyar a personas mayores.\" width=\"640\" height=\"360\" src=\"https:\/\/www.youtube.com\/embed\/Ts9k2AHfvCE?feature=oembed\" frameborder=\"0\" allow=\"accelerometer; autoplay; clipboard-write; encrypted-media; gyroscope; picture-in-picture; web-share\" referrerpolicy=\"strict-origin-when-cross-origin\" allowfullscreen><\/iframe>\n<\/div><\/figure>\n\n\n\n<p>El Ropero de Inclusi\u00f3n de Trujillo se suma a los ya establecidos en Guacar\u00ed, Ginebra, Pradera y Palmira, extendiendo su alcance para proporcionar alimentaci\u00f3n y apoyo social a los adultos mayores durante los fines de semana y d\u00edas festivos. Alejandra Fl\u00f3rez, coordinadora del Centro Vida en Trujillo, enfatiz\u00f3 la importancia de este proyecto para subsidiar a quienes m\u00e1s lo necesitan, al mismo tiempo que se cuida el entorno natural mediante pr\u00e1cticas sostenibles.<\/p>\n\n\n\n<p>La inauguraci\u00f3n cont\u00f3 con la presencia de Cecilia Fern\u00e1ndez, Gestora Social de Trujillo, quien resalt\u00f3 el respaldo recibido por parte de Jimena Toro y la gobernadora Dilian Francisca Toro. \u00abEste proyecto consolida nuestro compromiso con la inclusi\u00f3n y el bienestar de nuestros adultos mayores\u00bb, afirm\u00f3 Fern\u00e1ndez.<\/p>\n\n\n\n<p>El quinto Ropero de Inclusi\u00f3n en Trujillo representa un avance significativo hacia la mejora de la calidad de vida de las personas mayores en la regi\u00f3n, al tiempo que promueve valores de solidaridad y cuidado ambiental entre la comunidad.<\/p>\n","protected":false},"excerpt":{"rendered":"<p>En un esfuerzo por promover la econom\u00eda circular y brindar apoyo integral a las personas mayores en situaci\u00f3n vulnerable, la Gobernaci\u00f3n del Valle del Cauca inaugur\u00f3 el quinto Ropero de Inclusi\u00f3n en el municipio de Trujillo. Esta iniciativa forma parte de una estrategia regional liderada por la gestora Social del Valle, Jimena Toro, quien destac\u00f3 [&hellip;]<\/p>\n","protected":false},"author":3,"featured_media":20802,"comment_status":"open","ping_status":"open","sticky":false,"template":"","format":"video","meta":{"footnotes":""},"categories":[10],"tags":[],"class_list":["post-20801","post","type-post","status-publish","format-video","has-post-thumbnail","hentry","category-cnc-noticias-tulua","post_format-post-format-video"],"_links":{"self":[{"href":"https:\/\/cnctulua.tv\/index.php?rest_route=\/wp\/v2\/posts\/20801","targetHints":{"allow":["GET"]}}],"collection":[{"href":"https:\/\/cnctulua.tv\/index.php?rest_route=\/wp\/v2\/posts"}],"about":[{"href":"https:\/\/cnctulua.tv\/index.php?rest_route=\/wp\/v2\/types\/post"}],"author":[{"embeddable":true,"href":"https:\/\/cnctulua.tv\/index.php?rest_route=\/wp\/v2\/users\/3"}],"replies":[{"embeddable":true,"href":"https:\/\/cnctulua.tv\/index.php?rest_route=%2Fwp%2Fv2%2Fcomments&post=20801"}],"version-history":[{"count":1,"href":"https:\/\/cnctulua.tv\/index.php?rest_route=\/wp\/v2\/posts\/20801\/revisions"}],"predecessor-version":[{"id":20803,"href":"https:\/\/cnctulua.tv\/index.php?rest_route=\/wp\/v2\/posts\/20801\/revisions\/20803"}],"wp:featuredmedia":[{"embeddable":true,"href":"https:\/\/cnctulua.tv\/index.php?rest_route=\/wp\/v2\/media\/20802"}],"wp:attachment":[{"href":"https:\/\/cnctulua.tv\/index.php?rest_route=%2Fwp%2Fv2%2Fmedia&parent=20801"}],"wp:term":[{"taxonomy":"category","embeddable":true,"href":"https:\/\/cnctulua.tv\/index.php?rest_route=%2Fwp%2Fv2%2Fcategories&post=20801"},{"taxonomy":"post_tag","embeddable":true,"href":"https:\/\/cnctulua.tv\/index.php?rest_route=%2Fwp%2Fv2%2Ftags&post=20801"}],"curies":[{"name":"wp","href":"https:\/\/api.w.org\/{rel}","templated":true}]}}