{"id":20864,"date":"2024-06-19T16:44:15","date_gmt":"2024-06-19T16:44:15","guid":{"rendered":"https:\/\/cnctulua.tv\/?p=20864"},"modified":"2024-06-19T16:44:19","modified_gmt":"2024-06-19T16:44:19","slug":"el-vallecaucano-jhonny-renteria-asegura-su-plaza-en-los-juegos-olimpicos-de-paris-2024-con-nuevo-record-nacional","status":"publish","type":"post","link":"https:\/\/cnctulua.tv\/?p=20864","title":{"rendered":"EL VALLECAUCANO JHONNY RENTER\u00cdA ASEGURA SU PLAZA EN LOS JUEGOS OL\u00cdMPICOS DE PAR\u00cdS 2024 CON NUEVO R\u00c9CORD NACIONAL."},"content":{"rendered":"\n<p>En la XIX Reuni\u00f3n Internacional Villa de Bilbao, celebrada en Espa\u00f1a, el atleta colombiano Jhonny Renter\u00eda ha alcanzado un hito hist\u00f3rico al clasificarse para los Juegos Ol\u00edmpicos de Par\u00eds 2024 en la prueba de los 100 metros planos. Renter\u00eda cruz\u00f3 la meta en un asombroso tiempo de 9.97 segundos, estableciendo as\u00ed un nuevo r\u00e9cord nacional en esta disciplina.<\/p>\n\n\n\n<p><\/p>\n\n\n\n<figure class=\"wp-block-embed is-type-video is-provider-youtube wp-block-embed-youtube wp-embed-aspect-16-9 wp-has-aspect-ratio\"><div class=\"wp-block-embed__wrapper\">\n<iframe loading=\"lazy\" title=\"Jhonny Renter\u00eda rompe r\u00e9cord y clasifica a los Juegos Ol\u00edmpicos de Par\u00eds 2024.\" width=\"640\" height=\"360\" src=\"https:\/\/www.youtube.com\/embed\/uFd5_1p6ygo?feature=oembed\" frameborder=\"0\" allow=\"accelerometer; autoplay; clipboard-write; encrypted-media; gyroscope; picture-in-picture; web-share\" referrerpolicy=\"strict-origin-when-cross-origin\" allowfullscreen><\/iframe>\n<\/div><\/figure>\n\n\n\n<p>Despu\u00e9s de varios intentos durante la temporada, Renter\u00eda logr\u00f3 superar la marca m\u00ednima requerida justo antes del cierre de las clasificaciones ol\u00edmpicas. Este logro no solo lo convierte en uno de los diez representantes del atletismo colombiano en los pr\u00f3ximos Juegos Ol\u00edmpicos, sino que tambi\u00e9n lo posiciona como el primer atleta de su pa\u00eds en alcanzar un tiempo por debajo de los 10 segundos en los 100 metros planos.<\/p>\n\n\n\n<p>\u00abEstoy incre\u00edblemente emocionado y feliz de haber logrado este gran objetivo\u00bb, expres\u00f3 Renter\u00eda tras su impresionante desempe\u00f1o en Bilbao. \u00abEste es un sue\u00f1o por el que he trabajado duro y es un honor representar a Colombia en Par\u00eds 2024\u00bb.<\/p>\n\n\n\n<figure class=\"wp-block-image size-large is-resized\"><img loading=\"lazy\" decoding=\"async\" width=\"1024\" height=\"741\" src=\"https:\/\/cnctulua.tv\/wp-content\/uploads\/2024\/06\/WhatsApp-Image-2024-06-18-at-6.11.02-PM-1-1024x741.jpeg\" alt=\"\" class=\"wp-image-20865\" style=\"width:905px;height:auto\" srcset=\"https:\/\/cnctulua.tv\/wp-content\/uploads\/2024\/06\/WhatsApp-Image-2024-06-18-at-6.11.02-PM-1-1024x741.jpeg 1024w, https:\/\/cnctulua.tv\/wp-content\/uploads\/2024\/06\/WhatsApp-Image-2024-06-18-at-6.11.02-PM-1-300x217.jpeg 300w, https:\/\/cnctulua.tv\/wp-content\/uploads\/2024\/06\/WhatsApp-Image-2024-06-18-at-6.11.02-PM-1-768x555.jpeg 768w, https:\/\/cnctulua.tv\/wp-content\/uploads\/2024\/06\/WhatsApp-Image-2024-06-18-at-6.11.02-PM-1.jpeg 1156w\" sizes=\"auto, (max-width: 1024px) 100vw, 1024px\" \/><\/figure>\n\n\n\n<p>El r\u00e9cord de Renter\u00eda no solo es un testimonio de su habilidad y dedicaci\u00f3n, sino tambi\u00e9n un motivo de orgullo para la comunidad deportiva del Valle del Cauca, que ahora cuenta con doce atletas clasificados para los Juegos Ol\u00edmpicos. Con este logro, Renter\u00eda espera inspirar a futuras generaciones de deportistas colombianos y continuar elevando el nivel del atletismo en su pa\u00eds.<\/p>\n\n\n\n<p>Con expectativas elevadas y el apoyo de sus seguidores, Jhonny Renter\u00eda se prepara para competir entre los mejores del mundo en la prueba reina del atletismo en Par\u00eds, con la esperanza de escribir una nueva p\u00e1gina dorada en la historia del deporte colombiano.<\/p>\n","protected":false},"excerpt":{"rendered":"<p>En la XIX Reuni\u00f3n Internacional Villa de Bilbao, celebrada en Espa\u00f1a, el atleta colombiano Jhonny Renter\u00eda ha alcanzado un hito hist\u00f3rico al clasificarse para los Juegos Ol\u00edmpicos de Par\u00eds 2024 en la prueba de los 100 metros planos. Renter\u00eda cruz\u00f3 la meta en un asombroso tiempo de 9.97 segundos, estableciendo as\u00ed un nuevo r\u00e9cord nacional [&hellip;]<\/p>\n","protected":false},"author":3,"featured_media":20866,"comment_status":"open","ping_status":"open","sticky":false,"template":"","format":"video","meta":{"footnotes":""},"categories":[10],"tags":[],"class_list":["post-20864","post","type-post","status-publish","format-video","has-post-thumbnail","hentry","category-cnc-noticias-tulua","post_format-post-format-video"],"_links":{"self":[{"href":"https:\/\/cnctulua.tv\/index.php?rest_route=\/wp\/v2\/posts\/20864","targetHints":{"allow":["GET"]}}],"collection":[{"href":"https:\/\/cnctulua.tv\/index.php?rest_route=\/wp\/v2\/posts"}],"about":[{"href":"https:\/\/cnctulua.tv\/index.php?rest_route=\/wp\/v2\/types\/post"}],"author":[{"embeddable":true,"href":"https:\/\/cnctulua.tv\/index.php?rest_route=\/wp\/v2\/users\/3"}],"replies":[{"embeddable":true,"href":"https:\/\/cnctulua.tv\/index.php?rest_route=%2Fwp%2Fv2%2Fcomments&post=20864"}],"version-history":[{"count":1,"href":"https:\/\/cnctulua.tv\/index.php?rest_route=\/wp\/v2\/posts\/20864\/revisions"}],"predecessor-version":[{"id":20867,"href":"https:\/\/cnctulua.tv\/index.php?rest_route=\/wp\/v2\/posts\/20864\/revisions\/20867"}],"wp:featuredmedia":[{"embeddable":true,"href":"https:\/\/cnctulua.tv\/index.php?rest_route=\/wp\/v2\/media\/20866"}],"wp:attachment":[{"href":"https:\/\/cnctulua.tv\/index.php?rest_route=%2Fwp%2Fv2%2Fmedia&parent=20864"}],"wp:term":[{"taxonomy":"category","embeddable":true,"href":"https:\/\/cnctulua.tv\/index.php?rest_route=%2Fwp%2Fv2%2Fcategories&post=20864"},{"taxonomy":"post_tag","embeddable":true,"href":"https:\/\/cnctulua.tv\/index.php?rest_route=%2Fwp%2Fv2%2Ftags&post=20864"}],"curies":[{"name":"wp","href":"https:\/\/api.w.org\/{rel}","templated":true}]}}