{"id":20876,"date":"2024-06-19T17:17:59","date_gmt":"2024-06-19T17:17:59","guid":{"rendered":"https:\/\/cnctulua.tv\/?p=20876"},"modified":"2024-06-19T17:22:04","modified_gmt":"2024-06-19T17:22:04","slug":"reforzar-la-seguridad-en-el-suroccidente-del-pais-prioridad-para-gobernadores-del-valle-del-cauca-y-cauca","status":"publish","type":"post","link":"https:\/\/cnctulua.tv\/?p=20876","title":{"rendered":"REFORZAR LA SEGURIDAD EN EL SUROCCIDENTE DEL PA\u00cdS: PRIORIDAD PARA GOBERNADORES DEL VALLE DEL CAUCA Y CAUCA."},"content":{"rendered":"\n<p><\/p>\n\n\n\n<p>Los gobernadores del Valle del Cauca y del Cauca, Dilian Francisca Toro y Octavio Guzm\u00e1n respectivamente, han establecido un compromiso conjunto para intensificar las medidas de seguridad en el suroccidente colombiano. En un esfuerzo por garantizar la paz y la tranquilidad de los ciudadanos de ambos departamentos, han iniciado acciones coordinadas destinadas a enfrentar las amenazas que enfrentan en com\u00fan.<\/p>\n\n\n\n<p><\/p>\n\n\n\n<figure class=\"wp-block-embed is-type-video is-provider-youtube wp-block-embed-youtube wp-embed-aspect-16-9 wp-has-aspect-ratio\"><div class=\"wp-block-embed__wrapper\">\n<iframe loading=\"lazy\" title=\"Gobernadores del Valle y Cauca se comprometen a reforzar la seguridad regional.\" width=\"640\" height=\"360\" src=\"https:\/\/www.youtube.com\/embed\/ZVo865iaET0?feature=oembed\" frameborder=\"0\" allow=\"accelerometer; autoplay; clipboard-write; encrypted-media; gyroscope; picture-in-picture; web-share\" referrerpolicy=\"strict-origin-when-cross-origin\" allowfullscreen><\/iframe>\n<\/div><\/figure>\n\n\n\n<p>Durante una reuni\u00f3n reciente, la gobernadora Dilian Francisca Toro afirm\u00f3 la importancia de trabajar de manera integrada con el Gobernador del Cauca, se\u00f1alando que \u00abestamos articulando acciones para fortalecer nuestras capacidades de seguridad. Es crucial unir esfuerzos ante las estructuras ilegales que afectan nuestra regi\u00f3n\u00bb.<\/p>\n\n\n\n<figure class=\"wp-block-image size-large\"><img loading=\"lazy\" decoding=\"async\" width=\"1024\" height=\"631\" src=\"https:\/\/cnctulua.tv\/wp-content\/uploads\/2024\/06\/WhatsApp-Image-2024-06-18-at-4.45.58-PM-1-1-1024x631.jpeg\" alt=\"\" class=\"wp-image-20883\" srcset=\"https:\/\/cnctulua.tv\/wp-content\/uploads\/2024\/06\/WhatsApp-Image-2024-06-18-at-4.45.58-PM-1-1-1024x631.jpeg 1024w, https:\/\/cnctulua.tv\/wp-content\/uploads\/2024\/06\/WhatsApp-Image-2024-06-18-at-4.45.58-PM-1-1-300x185.jpeg 300w, https:\/\/cnctulua.tv\/wp-content\/uploads\/2024\/06\/WhatsApp-Image-2024-06-18-at-4.45.58-PM-1-1-768x474.jpeg 768w, https:\/\/cnctulua.tv\/wp-content\/uploads\/2024\/06\/WhatsApp-Image-2024-06-18-at-4.45.58-PM-1-1-1536x947.jpeg 1536w, https:\/\/cnctulua.tv\/wp-content\/uploads\/2024\/06\/WhatsApp-Image-2024-06-18-at-4.45.58-PM-1-1-2048x1263.jpeg 2048w, https:\/\/cnctulua.tv\/wp-content\/uploads\/2024\/06\/WhatsApp-Image-2024-06-18-at-4.45.58-PM-1-1-scaled.jpeg 1751w\" sizes=\"auto, (max-width: 1024px) 100vw, 1024px\" \/><\/figure>\n\n\n\n<p>Por su parte, Octavio Guzm\u00e1n destac\u00f3 la necesidad de abordar la seguridad como un tema regional, dado el impacto compartido de las actividades delictivas en ambos territorios. \u00abLas estructuras al margen de la ley operan indiscriminadamente entre Valle y Cauca, causando graves da\u00f1os a nuestra infraestructura y afectando la tranquilidad de nuestros habitantes\u00bb, expres\u00f3 el gobernador del Cauca.<\/p>\n\n\n\n<p>Ambos mandatarios han solicitado un mayor apoyo del Gobierno Nacional en t\u00e9rminos de recursos humanos, tecnol\u00f3gicos e investigativos para combatir eficazmente la delincuencia organizada en la regi\u00f3n. Asimismo, han enfatizado la importancia de invertir en programas sociales y fortalecer la presencia institucional en las \u00e1reas afectadas para mejorar las condiciones de vida de los ciudadanos.<\/p>\n","protected":false},"excerpt":{"rendered":"<p>Los gobernadores del Valle del Cauca y del Cauca, Dilian Francisca Toro y Octavio Guzm\u00e1n respectivamente, han establecido un compromiso conjunto para intensificar las medidas de seguridad en el suroccidente colombiano. En un esfuerzo por garantizar la paz y la tranquilidad de los ciudadanos de ambos departamentos, han iniciado acciones coordinadas destinadas a enfrentar las [&hellip;]<\/p>\n","protected":false},"author":3,"featured_media":20882,"comment_status":"open","ping_status":"open","sticky":false,"template":"","format":"video","meta":{"footnotes":""},"categories":[10],"tags":[],"class_list":["post-20876","post","type-post","status-publish","format-video","has-post-thumbnail","hentry","category-cnc-noticias-tulua","post_format-post-format-video"],"_links":{"self":[{"href":"https:\/\/cnctulua.tv\/index.php?rest_route=\/wp\/v2\/posts\/20876","targetHints":{"allow":["GET"]}}],"collection":[{"href":"https:\/\/cnctulua.tv\/index.php?rest_route=\/wp\/v2\/posts"}],"about":[{"href":"https:\/\/cnctulua.tv\/index.php?rest_route=\/wp\/v2\/types\/post"}],"author":[{"embeddable":true,"href":"https:\/\/cnctulua.tv\/index.php?rest_route=\/wp\/v2\/users\/3"}],"replies":[{"embeddable":true,"href":"https:\/\/cnctulua.tv\/index.php?rest_route=%2Fwp%2Fv2%2Fcomments&post=20876"}],"version-history":[{"count":5,"href":"https:\/\/cnctulua.tv\/index.php?rest_route=\/wp\/v2\/posts\/20876\/revisions"}],"predecessor-version":[{"id":20886,"href":"https:\/\/cnctulua.tv\/index.php?rest_route=\/wp\/v2\/posts\/20876\/revisions\/20886"}],"wp:featuredmedia":[{"embeddable":true,"href":"https:\/\/cnctulua.tv\/index.php?rest_route=\/wp\/v2\/media\/20882"}],"wp:attachment":[{"href":"https:\/\/cnctulua.tv\/index.php?rest_route=%2Fwp%2Fv2%2Fmedia&parent=20876"}],"wp:term":[{"taxonomy":"category","embeddable":true,"href":"https:\/\/cnctulua.tv\/index.php?rest_route=%2Fwp%2Fv2%2Fcategories&post=20876"},{"taxonomy":"post_tag","embeddable":true,"href":"https:\/\/cnctulua.tv\/index.php?rest_route=%2Fwp%2Fv2%2Ftags&post=20876"}],"curies":[{"name":"wp","href":"https:\/\/api.w.org\/{rel}","templated":true}]}}