{"id":21315,"date":"2024-07-18T14:46:22","date_gmt":"2024-07-18T14:46:22","guid":{"rendered":"https:\/\/cnctulua.tv\/?p=21315"},"modified":"2024-07-18T14:46:27","modified_gmt":"2024-07-18T14:46:27","slug":"fueron-aprobados-9-mil-millones-para-proyectos-viales-en-valle-del-cauca-y-risaralda","status":"publish","type":"post","link":"https:\/\/cnctulua.tv\/?p=21315","title":{"rendered":"FUERON APROBADOS $9 MIL MILLONES PARA PROYECTOS VIALES EN VALLE DEL CAUCA Y RISARALDA."},"content":{"rendered":"\n<p><\/p>\n\n\n\n<p>Durante el m\u00e1s reciente comit\u00e9 del Programa V\u00edas del Sam\u00e1n, se aprobaron $9 mil millones para impulsar proyectos viales en Valle del Cauca y Risaralda. Los recursos, distribuidos equitativamente, permitir\u00e1n continuar con el mantenimiento de v\u00edas y la instalaci\u00f3n de un nuevo puente peatonal en la regi\u00f3n.<\/p>\n\n\n\n<p><\/p>\n\n\n\n<figure class=\"wp-block-embed is-type-video is-provider-youtube wp-block-embed-youtube wp-embed-aspect-16-9 wp-has-aspect-ratio\"><div class=\"wp-block-embed__wrapper\">\n<iframe loading=\"lazy\" title=\"Valle del Cauca y Risaralda aprueban $9 mil millones para infraestructura vial.\" width=\"640\" height=\"360\" src=\"https:\/\/www.youtube.com\/embed\/hq76f2xDPoc?feature=oembed\" frameborder=\"0\" allow=\"accelerometer; autoplay; clipboard-write; encrypted-media; gyroscope; picture-in-picture; web-share\" referrerpolicy=\"strict-origin-when-cross-origin\" allowfullscreen><\/iframe>\n<\/div><\/figure>\n\n\n\n<p>La gobernadora del Valle, Dilian Francisca Toro, destac\u00f3 la importancia de esta inversi\u00f3n, afirmando que es una concesi\u00f3n innovadora y efectiva. \u201cEste proyecto mejora la movilidad, competitividad y desarrollo, adem\u00e1s de contribuir a la reducci\u00f3n de la accidentalidad. En el Valle, ya se adjudic\u00f3 la obra de la v\u00eda al aeropuerto de Cartago, y se ha estado realizando el mantenimiento de la v\u00eda Panorama\u201d, explic\u00f3 Toro.<\/p>\n\n\n\n<p>En el Valle del Cauca, el programa V\u00edas del Sam\u00e1n avanza en el mantenimiento de m\u00e1s de tres kil\u00f3metros del corredor Cartago-Ansermanuevo. Con los $4.500 millones aprobados, se realizar\u00e1n trabajos en 1.9 kil\u00f3metros adicionales, iniciando en el \u00e1rea del estadio de Santa Ana en Cartago.<\/p>\n\n\n\n<figure class=\"wp-block-image size-large\"><img loading=\"lazy\" decoding=\"async\" width=\"1024\" height=\"683\" src=\"https:\/\/cnctulua.tv\/wp-content\/uploads\/2024\/07\/VIAS-DEL-SAMAN-5-1024x683.jpeg\" alt=\"\" class=\"wp-image-21316\" srcset=\"https:\/\/cnctulua.tv\/wp-content\/uploads\/2024\/07\/VIAS-DEL-SAMAN-5-1024x683.jpeg 1024w, https:\/\/cnctulua.tv\/wp-content\/uploads\/2024\/07\/VIAS-DEL-SAMAN-5-300x200.jpeg 300w, https:\/\/cnctulua.tv\/wp-content\/uploads\/2024\/07\/VIAS-DEL-SAMAN-5-768x512.jpeg 768w, https:\/\/cnctulua.tv\/wp-content\/uploads\/2024\/07\/VIAS-DEL-SAMAN-5-1536x1024.jpeg 1536w, https:\/\/cnctulua.tv\/wp-content\/uploads\/2024\/07\/VIAS-DEL-SAMAN-5-2048x1365.jpeg 2048w, https:\/\/cnctulua.tv\/wp-content\/uploads\/2024\/07\/VIAS-DEL-SAMAN-5-scaled.jpeg 1920w\" sizes=\"auto, (max-width: 1024px) 100vw, 1024px\" \/><\/figure>\n\n\n\n<p>Para Risaralda, se asignaron los mismos $4.500 millones para el puente peatonal de Belmonte Bajo, el cual ser\u00e1 incluido en la licitaci\u00f3n en curso junto a otro puente en el departamento. \u00c1lvaro Eduardo Ruiz, subdirector de Gesti\u00f3n Integral de Carreteras del Inv\u00edas, confirm\u00f3 que estos fondos son esenciales para la realizaci\u00f3n de la obra.<\/p>\n\n\n\n<p>El comit\u00e9 tambi\u00e9n abord\u00f3 la situaci\u00f3n de una obra detenida en Risaralda por orden judicial. El gobernador Juan Diego Pati\u00f1o solicit\u00f3 celeridad en la reanudaci\u00f3n de la obra de intersecci\u00f3n en Galicia, subrayando la urgencia de la situaci\u00f3n. \u201cEstamos hablando de la p\u00e9rdida de vidas humanas, y este factor debe ser prioritario\u201d, concluy\u00f3 Pati\u00f1o.<\/p>\n","protected":false},"excerpt":{"rendered":"<p>Durante el m\u00e1s reciente comit\u00e9 del Programa V\u00edas del Sam\u00e1n, se aprobaron $9 mil millones para impulsar proyectos viales en Valle del Cauca y Risaralda. Los recursos, distribuidos equitativamente, permitir\u00e1n continuar con el mantenimiento de v\u00edas y la instalaci\u00f3n de un nuevo puente peatonal en la regi\u00f3n. La gobernadora del Valle, Dilian Francisca Toro, destac\u00f3 [&hellip;]<\/p>\n","protected":false},"author":3,"featured_media":21317,"comment_status":"open","ping_status":"open","sticky":false,"template":"","format":"video","meta":{"footnotes":""},"categories":[1],"tags":[],"class_list":["post-21315","post","type-post","status-publish","format-video","has-post-thumbnail","hentry","category-uncategorized","post_format-post-format-video"],"_links":{"self":[{"href":"https:\/\/cnctulua.tv\/index.php?rest_route=\/wp\/v2\/posts\/21315","targetHints":{"allow":["GET"]}}],"collection":[{"href":"https:\/\/cnctulua.tv\/index.php?rest_route=\/wp\/v2\/posts"}],"about":[{"href":"https:\/\/cnctulua.tv\/index.php?rest_route=\/wp\/v2\/types\/post"}],"author":[{"embeddable":true,"href":"https:\/\/cnctulua.tv\/index.php?rest_route=\/wp\/v2\/users\/3"}],"replies":[{"embeddable":true,"href":"https:\/\/cnctulua.tv\/index.php?rest_route=%2Fwp%2Fv2%2Fcomments&post=21315"}],"version-history":[{"count":1,"href":"https:\/\/cnctulua.tv\/index.php?rest_route=\/wp\/v2\/posts\/21315\/revisions"}],"predecessor-version":[{"id":21318,"href":"https:\/\/cnctulua.tv\/index.php?rest_route=\/wp\/v2\/posts\/21315\/revisions\/21318"}],"wp:featuredmedia":[{"embeddable":true,"href":"https:\/\/cnctulua.tv\/index.php?rest_route=\/wp\/v2\/media\/21317"}],"wp:attachment":[{"href":"https:\/\/cnctulua.tv\/index.php?rest_route=%2Fwp%2Fv2%2Fmedia&parent=21315"}],"wp:term":[{"taxonomy":"category","embeddable":true,"href":"https:\/\/cnctulua.tv\/index.php?rest_route=%2Fwp%2Fv2%2Fcategories&post=21315"},{"taxonomy":"post_tag","embeddable":true,"href":"https:\/\/cnctulua.tv\/index.php?rest_route=%2Fwp%2Fv2%2Ftags&post=21315"}],"curies":[{"name":"wp","href":"https:\/\/api.w.org\/{rel}","templated":true}]}}