{"id":21327,"date":"2024-07-18T15:32:54","date_gmt":"2024-07-18T15:32:54","guid":{"rendered":"https:\/\/cnctulua.tv\/?p=21327"},"modified":"2024-07-18T15:32:59","modified_gmt":"2024-07-18T15:32:59","slug":"cinco-deportistas-de-la-villa-de-cespedes-clasifican-al-nacional-juvenil-de-pesas","status":"publish","type":"post","link":"https:\/\/cnctulua.tv\/?p=21327","title":{"rendered":"CINCO DEPORTISTAS DE LA VILLA DE C\u00c9SPEDES CLASIFICAN AL NACIONAL JUVENIL DE PESAS."},"content":{"rendered":"\n<p><\/p>\n\n\n\n<p>El pasado s\u00e1bado, en el coliseo de pesas de la villa de C\u00e9spedes, se vivi\u00f3 una jornada emocionante donde siete prometedores deportistas compitieron por un lugar en el campeonato nacional juvenil. Cinco de ellos lograron brillar con luz propia al asegurar su participaci\u00f3n en este evento de alto nivel.<\/p>\n\n\n\n<p><\/p>\n\n\n\n<figure class=\"wp-block-embed is-type-video is-provider-youtube wp-block-embed-youtube wp-embed-aspect-16-9 wp-has-aspect-ratio\"><div class=\"wp-block-embed__wrapper\">\n<iframe loading=\"lazy\" title=\"J\u00f3venes deportistas tulue\u00f1os aseguran su paso al Nacional Juvenil de pesas.\" width=\"640\" height=\"360\" src=\"https:\/\/www.youtube.com\/embed\/LR8L9byLgvE?feature=oembed\" frameborder=\"0\" allow=\"accelerometer; autoplay; clipboard-write; encrypted-media; gyroscope; picture-in-picture; web-share\" referrerpolicy=\"strict-origin-when-cross-origin\" allowfullscreen><\/iframe>\n<\/div><\/figure>\n\n\n\n<p>Bajo la direcci\u00f3n del experimentado entrenador V\u00edctor Chaux, los j\u00f3venes atletas demostraron un rendimiento destacado en categor\u00eda juvenil. Entre los clasificados se encuentran nombres como Karen Mancilla, Maricela Asegura, Laura Sof\u00eda Aranda, John Taylor, y Erika Giraldo, quienes ahora se preparan para representar con orgullo a su regi\u00f3n en el pr\u00f3ximo campeonato nacional.<\/p>\n\n\n\n<figure class=\"wp-block-image size-full\"><img loading=\"lazy\" decoding=\"async\" width=\"747\" height=\"736\" src=\"https:\/\/cnctulua.tv\/wp-content\/uploads\/2024\/07\/FOGUEO-DE-PESAS-6.png\" alt=\"\" class=\"wp-image-21328\" srcset=\"https:\/\/cnctulua.tv\/wp-content\/uploads\/2024\/07\/FOGUEO-DE-PESAS-6.png 747w, https:\/\/cnctulua.tv\/wp-content\/uploads\/2024\/07\/FOGUEO-DE-PESAS-6-300x296.png 300w\" sizes=\"auto, (max-width: 747px) 100vw, 747px\" \/><\/figure>\n\n\n\n<p>El evento nacional est\u00e1 programado para realizarse en Cali, del 28 de agosto al 26 de septiembre, y ser\u00e1 crucial para determinar la selecci\u00f3n definitiva que representar\u00e1 al pa\u00eds en los primeros juegos nacionales de la juventud. Los deportistas y su equipo t\u00e9cnico se encuentran ahora inmersos en una fase intensa de preparaci\u00f3n, con el objetivo claro de alcanzar los m\u00e1ximos logros en esta importante competencia.<\/p>\n\n\n\n<p>El coliseo de pesas de C\u00e9spedes no solo fue testigo del talento y dedicaci\u00f3n de estos j\u00f3venes, sino que tambi\u00e9n celebr\u00f3 el \u00e9xito y la determinaci\u00f3n de quienes est\u00e1n dispuestos a llegar lejos en el mundo del deporte de alto rendimiento.<\/p>\n","protected":false},"excerpt":{"rendered":"<p>El pasado s\u00e1bado, en el coliseo de pesas de la villa de C\u00e9spedes, se vivi\u00f3 una jornada emocionante donde siete prometedores deportistas compitieron por un lugar en el campeonato nacional juvenil. Cinco de ellos lograron brillar con luz propia al asegurar su participaci\u00f3n en este evento de alto nivel. Bajo la direcci\u00f3n del experimentado entrenador [&hellip;]<\/p>\n","protected":false},"author":3,"featured_media":21329,"comment_status":"open","ping_status":"open","sticky":false,"template":"","format":"video","meta":{"footnotes":""},"categories":[1],"tags":[],"class_list":["post-21327","post","type-post","status-publish","format-video","has-post-thumbnail","hentry","category-uncategorized","post_format-post-format-video"],"_links":{"self":[{"href":"https:\/\/cnctulua.tv\/index.php?rest_route=\/wp\/v2\/posts\/21327","targetHints":{"allow":["GET"]}}],"collection":[{"href":"https:\/\/cnctulua.tv\/index.php?rest_route=\/wp\/v2\/posts"}],"about":[{"href":"https:\/\/cnctulua.tv\/index.php?rest_route=\/wp\/v2\/types\/post"}],"author":[{"embeddable":true,"href":"https:\/\/cnctulua.tv\/index.php?rest_route=\/wp\/v2\/users\/3"}],"replies":[{"embeddable":true,"href":"https:\/\/cnctulua.tv\/index.php?rest_route=%2Fwp%2Fv2%2Fcomments&post=21327"}],"version-history":[{"count":1,"href":"https:\/\/cnctulua.tv\/index.php?rest_route=\/wp\/v2\/posts\/21327\/revisions"}],"predecessor-version":[{"id":21330,"href":"https:\/\/cnctulua.tv\/index.php?rest_route=\/wp\/v2\/posts\/21327\/revisions\/21330"}],"wp:featuredmedia":[{"embeddable":true,"href":"https:\/\/cnctulua.tv\/index.php?rest_route=\/wp\/v2\/media\/21329"}],"wp:attachment":[{"href":"https:\/\/cnctulua.tv\/index.php?rest_route=%2Fwp%2Fv2%2Fmedia&parent=21327"}],"wp:term":[{"taxonomy":"category","embeddable":true,"href":"https:\/\/cnctulua.tv\/index.php?rest_route=%2Fwp%2Fv2%2Fcategories&post=21327"},{"taxonomy":"post_tag","embeddable":true,"href":"https:\/\/cnctulua.tv\/index.php?rest_route=%2Fwp%2Fv2%2Ftags&post=21327"}],"curies":[{"name":"wp","href":"https:\/\/api.w.org\/{rel}","templated":true}]}}