{"id":21368,"date":"2024-07-18T18:11:39","date_gmt":"2024-07-18T18:11:39","guid":{"rendered":"https:\/\/cnctulua.tv\/?p=21368"},"modified":"2024-07-18T18:11:44","modified_gmt":"2024-07-18T18:11:44","slug":"gobernacion-del-valle-del-cauca-cierra-ocho-minas-ilegales-en-los-farallones-de-cali-antes-de-la-cop16","status":"publish","type":"post","link":"https:\/\/cnctulua.tv\/?p=21368","title":{"rendered":"GOBERNACI\u00d3N DEL VALLE DEL CAUCA CIERRA OCHO MINAS ILEGALES EN LOS FARALLONES DE CALI ANTES DE LA COP16."},"content":{"rendered":"\n<p><\/p>\n\n\n\n<p>La Gobernaci\u00f3n del Valle del Cauca enfrenta un desaf\u00edo crucial en la protecci\u00f3n de los Farallones de Cali ante la proliferaci\u00f3n de minas ilegales, una actividad que amenaza severamente la biodiversidad y el equilibrio ambiental en la regi\u00f3n. Con la proximidad de la COP16, programada del 21 de octubre al 1 de noviembre, las autoridades locales intensifican sus esfuerzos para mitigar estos impactos negativos.<\/p>\n\n\n\n<p><\/p>\n\n\n\n<figure class=\"wp-block-embed is-type-video is-provider-youtube wp-block-embed-youtube wp-embed-aspect-16-9 wp-has-aspect-ratio\"><div class=\"wp-block-embed__wrapper\">\n<iframe loading=\"lazy\" title=\"Desaf\u00edos y soluciones en la lucha contra la miner\u00eda ilegal en los farallones de Cali.\" width=\"640\" height=\"360\" src=\"https:\/\/www.youtube.com\/embed\/ty-LSWWpBv8?feature=oembed\" frameborder=\"0\" allow=\"accelerometer; autoplay; clipboard-write; encrypted-media; gyroscope; picture-in-picture; web-share\" referrerpolicy=\"strict-origin-when-cross-origin\" allowfullscreen><\/iframe>\n<\/div><\/figure>\n\n\n\n<p>Seg\u00fan la gobernadora Dilian Francisca Toro, \u00abNo hay algo que afecte m\u00e1s la biodiversidad y que afecte m\u00e1s el medio ambiente que la coca y la miner\u00eda ilegal, ellos son los que producen y generan la violencia, pero tambi\u00e9n la degradaci\u00f3n de todo lo que tiene que ver con la biodiversidad.\u00bb Esta declaraci\u00f3n subraya la urgencia de abordar tanto los aspectos ambientales como los sociales asociados con la miner\u00eda ilegal.<\/p>\n\n\n\n<p>La intervenci\u00f3n coordinada con el Consejo Nacional de Lucha contra la Deforestaci\u00f3n (Conaldef) se centra ahora en el \u00e1rea de \u2018Altos del Buey\u2019 dentro del Parque Nacional Natural Farallones de Cali, donde se implementar\u00e1n medidas para cerrar y rehabilitar las minas ilegales. El objetivo es restaurar los ecosistemas afectados y fomentar alternativas econ\u00f3micas sostenibles, como el ecoturismo y los negocios verdes, que beneficien a las comunidades locales.<\/p>\n\n\n\n<p>La gobernadora tambi\u00e9n enfatiz\u00f3 la importancia de trabajar en colaboraci\u00f3n con las comunidades para garantizar un desarrollo econ\u00f3mico responsable y sostenible. \u00abCerrar estas minas es fundamental para poder avanzar en estas acciones. Debemos trabajar con las comunidades para garantizar un crecimiento econ\u00f3mico responsable, basado en pr\u00e1cticas sostenibles y tecnolog\u00edas verdes\u00bb, agreg\u00f3.<\/p>\n\n\n\n<p>Con estas medidas, la Gobernaci\u00f3n del Valle del Cauca no solo busca proteger los recursos naturales de los Farallones de Cali, sino tambi\u00e9n establecer un modelo integral que pueda replicarse en otras regiones afectadas por la miner\u00eda ilegal en Colombia. La iniciativa destaca el compromiso continuo de las autoridades locales y nacionales en la preservaci\u00f3n del medio ambiente y el bienestar de las comunidades.<\/p>\n","protected":false},"excerpt":{"rendered":"<p>La Gobernaci\u00f3n del Valle del Cauca enfrenta un desaf\u00edo crucial en la protecci\u00f3n de los Farallones de Cali ante la proliferaci\u00f3n de minas ilegales, una actividad que amenaza severamente la biodiversidad y el equilibrio ambiental en la regi\u00f3n. Con la proximidad de la COP16, programada del 21 de octubre al 1 de noviembre, las autoridades [&hellip;]<\/p>\n","protected":false},"author":3,"featured_media":21369,"comment_status":"open","ping_status":"open","sticky":false,"template":"","format":"video","meta":{"footnotes":""},"categories":[1],"tags":[],"class_list":["post-21368","post","type-post","status-publish","format-video","has-post-thumbnail","hentry","category-uncategorized","post_format-post-format-video"],"_links":{"self":[{"href":"https:\/\/cnctulua.tv\/index.php?rest_route=\/wp\/v2\/posts\/21368","targetHints":{"allow":["GET"]}}],"collection":[{"href":"https:\/\/cnctulua.tv\/index.php?rest_route=\/wp\/v2\/posts"}],"about":[{"href":"https:\/\/cnctulua.tv\/index.php?rest_route=\/wp\/v2\/types\/post"}],"author":[{"embeddable":true,"href":"https:\/\/cnctulua.tv\/index.php?rest_route=\/wp\/v2\/users\/3"}],"replies":[{"embeddable":true,"href":"https:\/\/cnctulua.tv\/index.php?rest_route=%2Fwp%2Fv2%2Fcomments&post=21368"}],"version-history":[{"count":1,"href":"https:\/\/cnctulua.tv\/index.php?rest_route=\/wp\/v2\/posts\/21368\/revisions"}],"predecessor-version":[{"id":21370,"href":"https:\/\/cnctulua.tv\/index.php?rest_route=\/wp\/v2\/posts\/21368\/revisions\/21370"}],"wp:featuredmedia":[{"embeddable":true,"href":"https:\/\/cnctulua.tv\/index.php?rest_route=\/wp\/v2\/media\/21369"}],"wp:attachment":[{"href":"https:\/\/cnctulua.tv\/index.php?rest_route=%2Fwp%2Fv2%2Fmedia&parent=21368"}],"wp:term":[{"taxonomy":"category","embeddable":true,"href":"https:\/\/cnctulua.tv\/index.php?rest_route=%2Fwp%2Fv2%2Fcategories&post=21368"},{"taxonomy":"post_tag","embeddable":true,"href":"https:\/\/cnctulua.tv\/index.php?rest_route=%2Fwp%2Fv2%2Ftags&post=21368"}],"curies":[{"name":"wp","href":"https:\/\/api.w.org\/{rel}","templated":true}]}}