{"id":21371,"date":"2024-07-18T18:22:54","date_gmt":"2024-07-18T18:22:54","guid":{"rendered":"https:\/\/cnctulua.tv\/?p=21371"},"modified":"2024-07-18T18:22:58","modified_gmt":"2024-07-18T18:22:58","slug":"altos-mandos-militares-y-policiales-se-reuniran-en-cali-para-asegurar-la-seguridad-de-la-cop16","status":"publish","type":"post","link":"https:\/\/cnctulua.tv\/?p=21371","title":{"rendered":"ALTOS MANDOS MILITARES Y POLICIALES SE REUNIR\u00c1N EN CALI PARA ASEGURAR LA SEGURIDAD DE LA COP16."},"content":{"rendered":"\n<p><\/p>\n\n\n\n<p>En preparaci\u00f3n para la Conferencia de las Partes (COP16), que tendr\u00e1 lugar pr\u00f3ximamente en Cali, Colombia, altos mandos militares y policiales se han congregado en la ciudad para revisar y fortalecer los dispositivos de seguridad que garantizar\u00e1n el desarrollo seguro del evento internacional.<\/p>\n\n\n\n<p><\/p>\n\n\n\n<figure class=\"wp-block-embed is-provider-youtube wp-block-embed-youtube\"><div class=\"wp-block-embed__wrapper\">\nhttps:\/\/youtu.be\/NXyRHPg_P7o\n<\/div><\/figure>\n\n\n\n<p>El Ministro de Defensa Nacional de Colombia, Iv\u00e1n Vel\u00e1squez G\u00f3mez, ha destacado la importancia de esta reuni\u00f3n, se\u00f1alando que es crucial mitigar cualquier riesgo potencial, especialmente en un contexto donde se ha observado el uso de drones con fines terroristas por parte de organizaciones delictivas. Vel\u00e1squez G\u00f3mez asegur\u00f3 que el gobierno est\u00e1 comprometido con proporcionar todas las capacidades necesarias para asegurar un entorno seguro durante la COP16 en Cali.<\/p>\n\n\n\n\n\n<p>Tras esta primera reuni\u00f3n, est\u00e1 programado que los altos mandos se encuentren nuevamente el pr\u00f3ximo lunes con el director de la Polic\u00eda Nacional, donde se espera que se presenten p\u00fablicamente los avances en las medidas de seguridad adoptadas. La presencia de la C\u00fapula Militar y Policial en Cali subraya el compromiso del gobierno colombiano en asegurar un ambiente seguro y protegido para todos los participantes y asistentes a la COP16, un evento crucial para abordar los desaf\u00edos globales del cambio clim\u00e1tico.<\/p>\n","protected":false},"excerpt":{"rendered":"<p>En preparaci\u00f3n para la Conferencia de las Partes (COP16), que tendr\u00e1 lugar pr\u00f3ximamente en Cali, Colombia, altos mandos militares y policiales se han congregado en la ciudad para revisar y fortalecer los dispositivos de seguridad que garantizar\u00e1n el desarrollo seguro del evento internacional. El Ministro de Defensa Nacional de Colombia, Iv\u00e1n Vel\u00e1squez G\u00f3mez, ha destacado [&hellip;]<\/p>\n","protected":false},"author":3,"featured_media":21372,"comment_status":"open","ping_status":"open","sticky":false,"template":"","format":"video","meta":{"footnotes":""},"categories":[1],"tags":[],"class_list":["post-21371","post","type-post","status-publish","format-video","has-post-thumbnail","hentry","category-uncategorized","post_format-post-format-video"],"_links":{"self":[{"href":"https:\/\/cnctulua.tv\/index.php?rest_route=\/wp\/v2\/posts\/21371","targetHints":{"allow":["GET"]}}],"collection":[{"href":"https:\/\/cnctulua.tv\/index.php?rest_route=\/wp\/v2\/posts"}],"about":[{"href":"https:\/\/cnctulua.tv\/index.php?rest_route=\/wp\/v2\/types\/post"}],"author":[{"embeddable":true,"href":"https:\/\/cnctulua.tv\/index.php?rest_route=\/wp\/v2\/users\/3"}],"replies":[{"embeddable":true,"href":"https:\/\/cnctulua.tv\/index.php?rest_route=%2Fwp%2Fv2%2Fcomments&post=21371"}],"version-history":[{"count":1,"href":"https:\/\/cnctulua.tv\/index.php?rest_route=\/wp\/v2\/posts\/21371\/revisions"}],"predecessor-version":[{"id":21373,"href":"https:\/\/cnctulua.tv\/index.php?rest_route=\/wp\/v2\/posts\/21371\/revisions\/21373"}],"wp:featuredmedia":[{"embeddable":true,"href":"https:\/\/cnctulua.tv\/index.php?rest_route=\/wp\/v2\/media\/21372"}],"wp:attachment":[{"href":"https:\/\/cnctulua.tv\/index.php?rest_route=%2Fwp%2Fv2%2Fmedia&parent=21371"}],"wp:term":[{"taxonomy":"category","embeddable":true,"href":"https:\/\/cnctulua.tv\/index.php?rest_route=%2Fwp%2Fv2%2Fcategories&post=21371"},{"taxonomy":"post_tag","embeddable":true,"href":"https:\/\/cnctulua.tv\/index.php?rest_route=%2Fwp%2Fv2%2Ftags&post=21371"}],"curies":[{"name":"wp","href":"https:\/\/api.w.org\/{rel}","templated":true}]}}