{"id":21374,"date":"2024-07-18T18:34:08","date_gmt":"2024-07-18T18:34:08","guid":{"rendered":"https:\/\/cnctulua.tv\/?p=21374"},"modified":"2024-07-18T18:34:13","modified_gmt":"2024-07-18T18:34:13","slug":"empoderamiento-infantil-en-valle-del-cauca-ninos-y-ninas-asumen-liderazgo-en-la-mesa-departamental","status":"publish","type":"post","link":"https:\/\/cnctulua.tv\/?p=21374","title":{"rendered":"EMPODERAMIENTO INFANTIL EN VALLE DEL CAUCA: NI\u00d1OS Y NI\u00d1AS ASUMEN LIDERAZGO EN LA MESA DEPARTAMENTAL."},"content":{"rendered":"\n<p><\/p>\n\n\n\n<p>En un acto 33 j\u00f3venes del Valle del Cauca juraron su compromiso como integrantes de la Mesa Departamental de Ni\u00f1os y Ni\u00f1as para el periodo 2024-2026. Ante la presencia de la gobernadora Dilian Francisca Toro, estos ni\u00f1os y ni\u00f1as recibieron la bandera vallecaucana y la indumentaria que los identifica como l\u00edderes juveniles en la promoci\u00f3n de la participaci\u00f3n social y la mejora de la calidad de vida en sus comunidades.<\/p>\n\n\n\n<p><\/p>\n\n\n\n<figure class=\"wp-block-embed is-type-video is-provider-youtube wp-block-embed-youtube wp-embed-aspect-16-9 wp-has-aspect-ratio\"><div class=\"wp-block-embed__wrapper\">\n<iframe loading=\"lazy\" title=\"Ni\u00f1os y Ni\u00f1as del Valle del Cauca: Empoderados para transformar su entorno.\" width=\"640\" height=\"360\" src=\"https:\/\/www.youtube.com\/embed\/jMDaUNGOKFg?feature=oembed\" frameborder=\"0\" allow=\"accelerometer; autoplay; clipboard-write; encrypted-media; gyroscope; picture-in-picture; web-share\" referrerpolicy=\"strict-origin-when-cross-origin\" allowfullscreen><\/iframe>\n<\/div><\/figure>\n\n\n\n<p>La ceremonia simb\u00f3lica no solo marc\u00f3 el inicio de un nuevo ciclo de empoderamiento infantil, sino tambi\u00e9n el reconocimiento del valor y la diversidad de estos j\u00f3venes representantes. Elegidos en mesas de trabajo distribuidas por las subregiones del departamento, los integrantes de la Mesa incluyen a ni\u00f1os con discapacidad, afrodescendientes e ind\u00edgenas, reflejando as\u00ed la inclusi\u00f3n y el compromiso con la equidad.<\/p>\n\n\n\n<figure class=\"wp-block-image size-large\"><img loading=\"lazy\" decoding=\"async\" width=\"1024\" height=\"872\" src=\"https:\/\/cnctulua.tv\/wp-content\/uploads\/2024\/07\/mesa-ninos-1-1024x872.jpeg\" alt=\"\" class=\"wp-image-21375\" srcset=\"https:\/\/cnctulua.tv\/wp-content\/uploads\/2024\/07\/mesa-ninos-1-1024x872.jpeg 1024w, https:\/\/cnctulua.tv\/wp-content\/uploads\/2024\/07\/mesa-ninos-1-300x256.jpeg 300w, https:\/\/cnctulua.tv\/wp-content\/uploads\/2024\/07\/mesa-ninos-1-768x654.jpeg 768w, https:\/\/cnctulua.tv\/wp-content\/uploads\/2024\/07\/mesa-ninos-1-1536x1309.jpeg 1536w, https:\/\/cnctulua.tv\/wp-content\/uploads\/2024\/07\/mesa-ninos-1-2048x1745.jpeg 2048w, https:\/\/cnctulua.tv\/wp-content\/uploads\/2024\/07\/mesa-ninos-1-scaled.jpeg 1920w\" sizes=\"auto, (max-width: 1024px) 100vw, 1024px\" \/><\/figure>\n\n\n\n<p>La gobernadora Toro destac\u00f3 la importancia de brindar a los ni\u00f1os y ni\u00f1as las herramientas necesarias para ser agentes de cambio en sus comunidades locales: \u00abNosotros los vamos a empoderar para que all\u00e1 en sus localidades, en sus municipios y regiones, ustedes tambi\u00e9n ejerzan un liderazgo en ese tema de participaci\u00f3n social que es tan importante, para que ayuden a tomar las decisiones\u00bb.<\/p>\n\n\n\n<figure class=\"wp-block-image size-large\"><img loading=\"lazy\" decoding=\"async\" width=\"1024\" height=\"683\" src=\"https:\/\/cnctulua.tv\/wp-content\/uploads\/2024\/07\/mesa-ninos-2-1024x683.jpeg\" alt=\"\" class=\"wp-image-21376\" srcset=\"https:\/\/cnctulua.tv\/wp-content\/uploads\/2024\/07\/mesa-ninos-2-1024x683.jpeg 1024w, https:\/\/cnctulua.tv\/wp-content\/uploads\/2024\/07\/mesa-ninos-2-300x200.jpeg 300w, https:\/\/cnctulua.tv\/wp-content\/uploads\/2024\/07\/mesa-ninos-2-768x512.jpeg 768w, https:\/\/cnctulua.tv\/wp-content\/uploads\/2024\/07\/mesa-ninos-2-1536x1024.jpeg 1536w, https:\/\/cnctulua.tv\/wp-content\/uploads\/2024\/07\/mesa-ninos-2-2048x1365.jpeg 2048w, https:\/\/cnctulua.tv\/wp-content\/uploads\/2024\/07\/mesa-ninos-2-scaled.jpeg 1620w\" sizes=\"auto, (max-width: 1024px) 100vw, 1024px\" \/><\/figure>\n\n\n\n<p>Los j\u00f3venes l\u00edderes expresaron sus motivaciones y aspiraciones para su periodo en la Mesa Departamental. Uno de los representantes infantiles comparti\u00f3: \u00abMi intenci\u00f3n en esta \u00e1rea es ayudar a que seamos m\u00e1s vistos, a fomentar la participaci\u00f3n y ser la voz de los menos escuchados\u00bb. Otro miembro, Steven Casta\u00f1o, resalt\u00f3 su compromiso con los j\u00f3venes vulnerables como principal motivaci\u00f3n para participar en este proceso.<\/p>\n\n\n\n<p>La Mesa Departamental de Ni\u00f1os y Ni\u00f1as del Valle del Cauca se convierte as\u00ed en un ejemplo de participaci\u00f3n democr\u00e1tica y empoderamiento infantil, demostrando que desde temprana edad es posible influir positivamente en la sociedad a trav\u00e9s de la pol\u00edtica social y el compromiso c\u00edvico.<\/p>\n","protected":false},"excerpt":{"rendered":"<p>En un acto 33 j\u00f3venes del Valle del Cauca juraron su compromiso como integrantes de la Mesa Departamental de Ni\u00f1os y Ni\u00f1as para el periodo 2024-2026. Ante la presencia de la gobernadora Dilian Francisca Toro, estos ni\u00f1os y ni\u00f1as recibieron la bandera vallecaucana y la indumentaria que los identifica como l\u00edderes juveniles en la promoci\u00f3n [&hellip;]<\/p>\n","protected":false},"author":3,"featured_media":21377,"comment_status":"open","ping_status":"open","sticky":false,"template":"","format":"video","meta":{"footnotes":""},"categories":[1],"tags":[],"class_list":["post-21374","post","type-post","status-publish","format-video","has-post-thumbnail","hentry","category-uncategorized","post_format-post-format-video"],"_links":{"self":[{"href":"https:\/\/cnctulua.tv\/index.php?rest_route=\/wp\/v2\/posts\/21374","targetHints":{"allow":["GET"]}}],"collection":[{"href":"https:\/\/cnctulua.tv\/index.php?rest_route=\/wp\/v2\/posts"}],"about":[{"href":"https:\/\/cnctulua.tv\/index.php?rest_route=\/wp\/v2\/types\/post"}],"author":[{"embeddable":true,"href":"https:\/\/cnctulua.tv\/index.php?rest_route=\/wp\/v2\/users\/3"}],"replies":[{"embeddable":true,"href":"https:\/\/cnctulua.tv\/index.php?rest_route=%2Fwp%2Fv2%2Fcomments&post=21374"}],"version-history":[{"count":1,"href":"https:\/\/cnctulua.tv\/index.php?rest_route=\/wp\/v2\/posts\/21374\/revisions"}],"predecessor-version":[{"id":21378,"href":"https:\/\/cnctulua.tv\/index.php?rest_route=\/wp\/v2\/posts\/21374\/revisions\/21378"}],"wp:featuredmedia":[{"embeddable":true,"href":"https:\/\/cnctulua.tv\/index.php?rest_route=\/wp\/v2\/media\/21377"}],"wp:attachment":[{"href":"https:\/\/cnctulua.tv\/index.php?rest_route=%2Fwp%2Fv2%2Fmedia&parent=21374"}],"wp:term":[{"taxonomy":"category","embeddable":true,"href":"https:\/\/cnctulua.tv\/index.php?rest_route=%2Fwp%2Fv2%2Fcategories&post=21374"},{"taxonomy":"post_tag","embeddable":true,"href":"https:\/\/cnctulua.tv\/index.php?rest_route=%2Fwp%2Fv2%2Ftags&post=21374"}],"curies":[{"name":"wp","href":"https:\/\/api.w.org\/{rel}","templated":true}]}}