{"id":21397,"date":"2024-07-19T15:54:12","date_gmt":"2024-07-19T15:54:12","guid":{"rendered":"https:\/\/cnctulua.tv\/?p=21397"},"modified":"2024-07-19T15:54:17","modified_gmt":"2024-07-19T15:54:17","slug":"capturado-joven-de-19-anos-por-violento-ataque-a-camion-en-tulua","status":"publish","type":"post","link":"https:\/\/cnctulua.tv\/?p=21397","title":{"rendered":"CAPTURADO JOVEN DE 19 A\u00d1OS POR VIOLENTO ATAQUE A CAMI\u00d3N EN TULU\u00c1."},"content":{"rendered":"\n<p><\/p>\n\n\n\n<p>El martes 16 de julio, el barrio Villa del Lago de Tulu\u00e1 fue escenario de un violento incidente cuando dos individuos a bordo de una motocicleta atacaron un cami\u00f3n en la calle 24c No. 6b &#8211; w33. Las c\u00e1maras de seguridad del \u00e1rea capturaron el suceso, proporcionando a las autoridades im\u00e1genes cruciales para identificar a los responsables.<\/p>\n\n\n\n<p><\/p>\n\n\n\n<figure class=\"wp-block-embed is-type-video is-provider-youtube wp-block-embed-youtube wp-embed-aspect-16-9 wp-has-aspect-ratio\"><div class=\"wp-block-embed__wrapper\">\n<iframe loading=\"lazy\" title=\"Capturado uno de los responsables del violento ataque en Tulu\u00e1.\" width=\"640\" height=\"360\" src=\"https:\/\/www.youtube.com\/embed\/uFQWNuZh_dc?feature=oembed\" frameborder=\"0\" allow=\"accelerometer; autoplay; clipboard-write; encrypted-media; gyroscope; picture-in-picture; web-share\" referrerpolicy=\"strict-origin-when-cross-origin\" allowfullscreen><\/iframe>\n<\/div><\/figure>\n\n\n\n<p>La Polic\u00eda Nacional actu\u00f3 r\u00e1pidamente tras recibir informaci\u00f3n vital a trav\u00e9s de la l\u00ednea de emergencia 123, lo que result\u00f3 en la captura de uno de los atacantes, un joven de 19 a\u00f1os. El detenido, junto con los elementos decomisados durante el operativo, fue puesto a disposici\u00f3n de la Fiscal\u00eda General de la Naci\u00f3n para el proceso correspondiente.<\/p>\n\n\n\n<figure class=\"wp-block-image size-large\"><img loading=\"lazy\" decoding=\"async\" width=\"1024\" height=\"576\" src=\"https:\/\/cnctulua.tv\/wp-content\/uploads\/2024\/07\/BALASTRERA-2-1024x576.png\" alt=\"\" class=\"wp-image-21398\" srcset=\"https:\/\/cnctulua.tv\/wp-content\/uploads\/2024\/07\/BALASTRERA-2-1024x576.png 1024w, https:\/\/cnctulua.tv\/wp-content\/uploads\/2024\/07\/BALASTRERA-2-300x169.png 300w, https:\/\/cnctulua.tv\/wp-content\/uploads\/2024\/07\/BALASTRERA-2-768x432.png 768w, https:\/\/cnctulua.tv\/wp-content\/uploads\/2024\/07\/BALASTRERA-2.png 1064w\" sizes=\"auto, (max-width: 1024px) 100vw, 1024px\" \/><\/figure>\n\n\n\n<p>Las autoridades contin\u00faan instando a la comunidad a colaborar activamente en la lucha contra la violencia y el crimen, alentando a los ciudadanos a reportar cualquier informaci\u00f3n relevante a trav\u00e9s de la l\u00ednea de emergencia 123 o contactando a la patrulla de vigilancia m\u00e1s cercana.<\/p>\n","protected":false},"excerpt":{"rendered":"<p>El martes 16 de julio, el barrio Villa del Lago de Tulu\u00e1 fue escenario de un violento incidente cuando dos individuos a bordo de una motocicleta atacaron un cami\u00f3n en la calle 24c No. 6b &#8211; w33. Las c\u00e1maras de seguridad del \u00e1rea capturaron el suceso, proporcionando a las autoridades im\u00e1genes cruciales para identificar a [&hellip;]<\/p>\n","protected":false},"author":3,"featured_media":21399,"comment_status":"open","ping_status":"open","sticky":false,"template":"","format":"video","meta":{"footnotes":""},"categories":[1],"tags":[],"class_list":["post-21397","post","type-post","status-publish","format-video","has-post-thumbnail","hentry","category-uncategorized","post_format-post-format-video"],"_links":{"self":[{"href":"https:\/\/cnctulua.tv\/index.php?rest_route=\/wp\/v2\/posts\/21397","targetHints":{"allow":["GET"]}}],"collection":[{"href":"https:\/\/cnctulua.tv\/index.php?rest_route=\/wp\/v2\/posts"}],"about":[{"href":"https:\/\/cnctulua.tv\/index.php?rest_route=\/wp\/v2\/types\/post"}],"author":[{"embeddable":true,"href":"https:\/\/cnctulua.tv\/index.php?rest_route=\/wp\/v2\/users\/3"}],"replies":[{"embeddable":true,"href":"https:\/\/cnctulua.tv\/index.php?rest_route=%2Fwp%2Fv2%2Fcomments&post=21397"}],"version-history":[{"count":1,"href":"https:\/\/cnctulua.tv\/index.php?rest_route=\/wp\/v2\/posts\/21397\/revisions"}],"predecessor-version":[{"id":21400,"href":"https:\/\/cnctulua.tv\/index.php?rest_route=\/wp\/v2\/posts\/21397\/revisions\/21400"}],"wp:featuredmedia":[{"embeddable":true,"href":"https:\/\/cnctulua.tv\/index.php?rest_route=\/wp\/v2\/media\/21399"}],"wp:attachment":[{"href":"https:\/\/cnctulua.tv\/index.php?rest_route=%2Fwp%2Fv2%2Fmedia&parent=21397"}],"wp:term":[{"taxonomy":"category","embeddable":true,"href":"https:\/\/cnctulua.tv\/index.php?rest_route=%2Fwp%2Fv2%2Fcategories&post=21397"},{"taxonomy":"post_tag","embeddable":true,"href":"https:\/\/cnctulua.tv\/index.php?rest_route=%2Fwp%2Fv2%2Ftags&post=21397"}],"curies":[{"name":"wp","href":"https:\/\/api.w.org\/{rel}","templated":true}]}}