{"id":21401,"date":"2024-07-19T16:03:26","date_gmt":"2024-07-19T16:03:26","guid":{"rendered":"https:\/\/cnctulua.tv\/?p=21401"},"modified":"2024-07-19T16:03:32","modified_gmt":"2024-07-19T16:03:32","slug":"colombia-conmemora-210-anos-del-grito-de-independencia-en-un-contexto-virtual","status":"publish","type":"post","link":"https:\/\/cnctulua.tv\/?p=21401","title":{"rendered":"COLOMBIA CONMEMORA 210 A\u00d1OS DEL GRITO DE INDEPENDENCIA EN UN CONTEXTO VIRTUAL."},"content":{"rendered":"\n<p>Este s\u00e1bado, las calles del Valle del Cauca se llenar\u00e1n de patriotismo y gratitud durante el desfile militar organizado en conmemoraci\u00f3n del 214\u00ba aniversario del Grito de Independencia de Colombia. El evento, que comenzar\u00e1 a las 10:00 a.m. desde la Plazoleta Jairo Varela hasta el CAI de Chipichape, es una oportunidad para honrar el hero\u00edsmo y sacrificio de los soldados que defendieron la soberan\u00eda nacional.<\/p>\n\n\n\n<p><\/p>\n\n\n\n<figure class=\"wp-block-embed is-type-video is-provider-youtube wp-block-embed-youtube wp-embed-aspect-16-9 wp-has-aspect-ratio\"><div class=\"wp-block-embed__wrapper\">\n<iframe loading=\"lazy\" title=\"Desfile Militar en el Valle del Cauca: Conmemora el Grito de Independencia.\" width=\"640\" height=\"360\" src=\"https:\/\/www.youtube.com\/embed\/bEzp6cDBv3c?feature=oembed\" frameborder=\"0\" allow=\"accelerometer; autoplay; clipboard-write; encrypted-media; gyroscope; picture-in-picture; web-share\" referrerpolicy=\"strict-origin-when-cross-origin\" allowfullscreen><\/iframe>\n<\/div><\/figure>\n\n\n\n<p>Vallecaucanos de todas las edades est\u00e1n invitados a participar y rendir homenaje a los &#8216;h\u00e9roes&#8217; patri\u00f3ticos que marcaron un hito en la historia del pa\u00eds. La gobernadora Dilian Francisca Toro destac\u00f3 la importancia de reconocer el trabajo y la valent\u00eda de la fuerza p\u00fablica en la protecci\u00f3n de la seguridad de todos los colombianos.<\/p>\n\n\n\n<figure class=\"wp-block-image size-large\"><img loading=\"lazy\" decoding=\"async\" width=\"1024\" height=\"681\" src=\"https:\/\/cnctulua.tv\/wp-content\/uploads\/2024\/07\/desfile-mititar-2-1024x681.jpeg\" alt=\"\" class=\"wp-image-21402\" srcset=\"https:\/\/cnctulua.tv\/wp-content\/uploads\/2024\/07\/desfile-mititar-2-1024x681.jpeg 1024w, https:\/\/cnctulua.tv\/wp-content\/uploads\/2024\/07\/desfile-mititar-2-300x199.jpeg 300w, https:\/\/cnctulua.tv\/wp-content\/uploads\/2024\/07\/desfile-mititar-2-768x511.jpeg 768w, https:\/\/cnctulua.tv\/wp-content\/uploads\/2024\/07\/desfile-mititar-2-1536x1021.jpeg 1536w, https:\/\/cnctulua.tv\/wp-content\/uploads\/2024\/07\/desfile-mititar-2-2048x1362.jpeg 2048w, https:\/\/cnctulua.tv\/wp-content\/uploads\/2024\/07\/desfile-mititar-2-scaled.jpeg 1624w\" sizes=\"auto, (max-width: 1024px) 100vw, 1024px\" \/><\/figure>\n\n\n\n<p>Ana Mar\u00eda Sanclemente, secretaria de Convivencia y Seguridad Ciudadana del Valle, enfatiz\u00f3 que el desfile no solo celebra los logros y dedicaci\u00f3n de las Fuerzas Armadas y policiales, sino que tambi\u00e9n refuerza el compromiso del Gobierno con la defensa y seguridad nacional.<\/p>\n\n\n\n<p>Durante la celebraci\u00f3n, se conmemorar\u00e1 tambi\u00e9n el Bicentenario de la Batalla de Ayacucho, destacando el papel fundamental de la Fuerza P\u00fablica en la protecci\u00f3n del pueblo colombiano.<\/p>\n","protected":false},"excerpt":{"rendered":"<p>Este s\u00e1bado, las calles del Valle del Cauca se llenar\u00e1n de patriotismo y gratitud durante el desfile militar organizado en conmemoraci\u00f3n del 214\u00ba aniversario del Grito de Independencia de Colombia. El evento, que comenzar\u00e1 a las 10:00 a.m. desde la Plazoleta Jairo Varela hasta el CAI de Chipichape, es una oportunidad para honrar el hero\u00edsmo [&hellip;]<\/p>\n","protected":false},"author":3,"featured_media":21403,"comment_status":"open","ping_status":"open","sticky":false,"template":"","format":"video","meta":{"footnotes":""},"categories":[1],"tags":[],"class_list":["post-21401","post","type-post","status-publish","format-video","has-post-thumbnail","hentry","category-uncategorized","post_format-post-format-video"],"_links":{"self":[{"href":"https:\/\/cnctulua.tv\/index.php?rest_route=\/wp\/v2\/posts\/21401","targetHints":{"allow":["GET"]}}],"collection":[{"href":"https:\/\/cnctulua.tv\/index.php?rest_route=\/wp\/v2\/posts"}],"about":[{"href":"https:\/\/cnctulua.tv\/index.php?rest_route=\/wp\/v2\/types\/post"}],"author":[{"embeddable":true,"href":"https:\/\/cnctulua.tv\/index.php?rest_route=\/wp\/v2\/users\/3"}],"replies":[{"embeddable":true,"href":"https:\/\/cnctulua.tv\/index.php?rest_route=%2Fwp%2Fv2%2Fcomments&post=21401"}],"version-history":[{"count":1,"href":"https:\/\/cnctulua.tv\/index.php?rest_route=\/wp\/v2\/posts\/21401\/revisions"}],"predecessor-version":[{"id":21404,"href":"https:\/\/cnctulua.tv\/index.php?rest_route=\/wp\/v2\/posts\/21401\/revisions\/21404"}],"wp:featuredmedia":[{"embeddable":true,"href":"https:\/\/cnctulua.tv\/index.php?rest_route=\/wp\/v2\/media\/21403"}],"wp:attachment":[{"href":"https:\/\/cnctulua.tv\/index.php?rest_route=%2Fwp%2Fv2%2Fmedia&parent=21401"}],"wp:term":[{"taxonomy":"category","embeddable":true,"href":"https:\/\/cnctulua.tv\/index.php?rest_route=%2Fwp%2Fv2%2Fcategories&post=21401"},{"taxonomy":"post_tag","embeddable":true,"href":"https:\/\/cnctulua.tv\/index.php?rest_route=%2Fwp%2Fv2%2Ftags&post=21401"}],"curies":[{"name":"wp","href":"https:\/\/api.w.org\/{rel}","templated":true}]}}