{"id":21405,"date":"2024-07-19T16:50:51","date_gmt":"2024-07-19T16:50:51","guid":{"rendered":"https:\/\/cnctulua.tv\/?p=21405"},"modified":"2024-07-19T16:50:56","modified_gmt":"2024-07-19T16:50:56","slug":"el-valle-del-cauca-y-la-onu-firman-acuerdo-historico-contra-la-corrupcion-y-el-crimen-organizado","status":"publish","type":"post","link":"https:\/\/cnctulua.tv\/?p=21405","title":{"rendered":"EL VALLE DEL CAUCA Y LA ONU FIRMAN ACUERDO HIST\u00d3RICO CONTRA LA CORRUPCI\u00d3N Y EL CRIMEN ORGANIZADO."},"content":{"rendered":"\n<p><\/p>\n\n\n\n<p>En un hecho sin precedentes para Colombia, el Valle del Cauca ha establecido una alianza estrat\u00e9gica con la Oficina de las Naciones Unidas contra la Droga y el Delito (UNODC) para la Regi\u00f3n Andina y el Cono Sur. Este acuerdo, impulsado por la gobernadora Dilian Francisca Toro, tiene como objetivo fortalecer la transparencia y combatir el crimen organizado en la regi\u00f3n.<\/p>\n\n\n\n<p><\/p>\n\n\n\n<figure class=\"wp-block-embed is-type-video is-provider-youtube wp-block-embed-youtube wp-embed-aspect-16-9 wp-has-aspect-ratio\"><div class=\"wp-block-embed__wrapper\">\n<iframe loading=\"lazy\" title=\"La ONU y el Valle del Cauca: Unen fuerzas en la lucha contra la corrupci\u00f3n y el crimen organizado.\" width=\"640\" height=\"360\" src=\"https:\/\/www.youtube.com\/embed\/jaJWlq4nvaA?feature=oembed\" frameborder=\"0\" allow=\"accelerometer; autoplay; clipboard-write; encrypted-media; gyroscope; picture-in-picture; web-share\" referrerpolicy=\"strict-origin-when-cross-origin\" allowfullscreen><\/iframe>\n<\/div><\/figure>\n\n\n\n<p>La firma del convenio tuvo lugar en un acto oficial donde participaron representantes de ambas partes. La gobernadora Toro enfatiz\u00f3 la importancia de esta iniciativa para proteger los recursos p\u00fablicos y garantizar un gobierno m\u00e1s justo y seguro para los ciudadanos del Valle del Cauca. \u00abNo permitiremos que las organizaciones criminales coopten nuestras instituciones ni socaven nuestros esfuerzos por el desarrollo\u00bb, declar\u00f3 la gobernadora.<\/p>\n\n\n\n<p>Por su parte, Candice Welsch, representante de la UNODC, destac\u00f3 la colaboraci\u00f3n t\u00e9cnica y estrat\u00e9gica que la organizaci\u00f3n brindar\u00e1 al departamento. \u00abTrabajaremos de manera conjunta para identificar y abordar las prioridades en temas como el lavado de activos, la corrupci\u00f3n y otros delitos complejos que afectan la seguridad y el bienestar de la poblaci\u00f3n\u00bb, afirm\u00f3 Welsch.<\/p>\n\n\n\n<figure class=\"wp-block-image size-large\"><img loading=\"lazy\" decoding=\"async\" width=\"1024\" height=\"682\" src=\"https:\/\/cnctulua.tv\/wp-content\/uploads\/2024\/07\/ONU-1-1024x682.jpeg\" alt=\"\" class=\"wp-image-21406\" srcset=\"https:\/\/cnctulua.tv\/wp-content\/uploads\/2024\/07\/ONU-1-1024x682.jpeg 1024w, https:\/\/cnctulua.tv\/wp-content\/uploads\/2024\/07\/ONU-1-300x200.jpeg 300w, https:\/\/cnctulua.tv\/wp-content\/uploads\/2024\/07\/ONU-1-768x512.jpeg 768w, https:\/\/cnctulua.tv\/wp-content\/uploads\/2024\/07\/ONU-1-1536x1024.jpeg 1536w, https:\/\/cnctulua.tv\/wp-content\/uploads\/2024\/07\/ONU-1-2048x1365.jpeg 2048w, https:\/\/cnctulua.tv\/wp-content\/uploads\/2024\/07\/ONU-1-scaled.jpeg 1620w\" sizes=\"auto, (max-width: 1024px) 100vw, 1024px\" \/><\/figure>\n\n\n\n<p>Este acuerdo permitir\u00e1 al Valle del Cauca acceder a la experiencia global de la ONU en la gesti\u00f3n y prevenci\u00f3n del delito, fortaleciendo as\u00ed las capacidades locales en la lucha contra la criminalidad. Se establecer\u00e1n mesas de trabajo y grupos de acci\u00f3n para implementar estrategias efectivas que contribuyan a consolidar un gobierno transparente y eficiente en la regi\u00f3n.<\/p>\n\n\n\n<p>La colaboraci\u00f3n entre el Valle del Cauca y la UNODC no solo representa un avance significativo en la lucha contra el crimen, sino tambi\u00e9n un ejemplo de c\u00f3mo la cooperaci\u00f3n internacional puede potenciar los esfuerzos locales hacia el desarrollo sostenible y la seguridad ciudadana.<\/p>\n","protected":false},"excerpt":{"rendered":"<p>En un hecho sin precedentes para Colombia, el Valle del Cauca ha establecido una alianza estrat\u00e9gica con la Oficina de las Naciones Unidas contra la Droga y el Delito (UNODC) para la Regi\u00f3n Andina y el Cono Sur. Este acuerdo, impulsado por la gobernadora Dilian Francisca Toro, tiene como objetivo fortalecer la transparencia y combatir [&hellip;]<\/p>\n","protected":false},"author":3,"featured_media":21407,"comment_status":"open","ping_status":"open","sticky":false,"template":"","format":"video","meta":{"footnotes":""},"categories":[1],"tags":[],"class_list":["post-21405","post","type-post","status-publish","format-video","has-post-thumbnail","hentry","category-uncategorized","post_format-post-format-video"],"_links":{"self":[{"href":"https:\/\/cnctulua.tv\/index.php?rest_route=\/wp\/v2\/posts\/21405","targetHints":{"allow":["GET"]}}],"collection":[{"href":"https:\/\/cnctulua.tv\/index.php?rest_route=\/wp\/v2\/posts"}],"about":[{"href":"https:\/\/cnctulua.tv\/index.php?rest_route=\/wp\/v2\/types\/post"}],"author":[{"embeddable":true,"href":"https:\/\/cnctulua.tv\/index.php?rest_route=\/wp\/v2\/users\/3"}],"replies":[{"embeddable":true,"href":"https:\/\/cnctulua.tv\/index.php?rest_route=%2Fwp%2Fv2%2Fcomments&post=21405"}],"version-history":[{"count":1,"href":"https:\/\/cnctulua.tv\/index.php?rest_route=\/wp\/v2\/posts\/21405\/revisions"}],"predecessor-version":[{"id":21408,"href":"https:\/\/cnctulua.tv\/index.php?rest_route=\/wp\/v2\/posts\/21405\/revisions\/21408"}],"wp:featuredmedia":[{"embeddable":true,"href":"https:\/\/cnctulua.tv\/index.php?rest_route=\/wp\/v2\/media\/21407"}],"wp:attachment":[{"href":"https:\/\/cnctulua.tv\/index.php?rest_route=%2Fwp%2Fv2%2Fmedia&parent=21405"}],"wp:term":[{"taxonomy":"category","embeddable":true,"href":"https:\/\/cnctulua.tv\/index.php?rest_route=%2Fwp%2Fv2%2Fcategories&post=21405"},{"taxonomy":"post_tag","embeddable":true,"href":"https:\/\/cnctulua.tv\/index.php?rest_route=%2Fwp%2Fv2%2Ftags&post=21405"}],"curies":[{"name":"wp","href":"https:\/\/api.w.org\/{rel}","templated":true}]}}