{"id":21415,"date":"2024-07-19T18:05:31","date_gmt":"2024-07-19T18:05:31","guid":{"rendered":"https:\/\/cnctulua.tv\/?p=21415"},"modified":"2024-07-19T18:05:35","modified_gmt":"2024-07-19T18:05:35","slug":"festival-del-mecato-tulua-se-rinde-ante-los-sabores-y-emprendedores-locales","status":"publish","type":"post","link":"https:\/\/cnctulua.tv\/?p=21415","title":{"rendered":"FESTIVAL DEL MECATO: TULU\u00c1 SE RINDE ANTE LOS SABORES Y EMPRENDEDORES LOCALES."},"content":{"rendered":"\n<p><\/p>\n\n\n\n<p>Del 26 al 28 de julio, la Central de Transportes de Tulu\u00e1 se convertir\u00e1 en el epicentro del Festival del Mecato, una innovadora iniciativa conjunta entre la C\u00e1mara de Comercio. Este evento tiene como objetivo promover los productos t\u00edpicos de la regi\u00f3n y apoyar a los microempresarios locales, revitalizando la econom\u00eda y fortaleciendo el comercio en Tulu\u00e1.<\/p>\n\n\n\n<p><\/p>\n\n\n\n<figure class=\"wp-block-embed is-type-video is-provider-youtube wp-block-embed-youtube wp-embed-aspect-16-9 wp-has-aspect-ratio\"><div class=\"wp-block-embed__wrapper\">\n<iframe loading=\"lazy\" title=\"Tulu\u00e1 se prepara para el Festival del Mecato en su Central de Transportes.\" width=\"640\" height=\"360\" src=\"https:\/\/www.youtube.com\/embed\/zbdVUcaVh5A?feature=oembed\" frameborder=\"0\" allow=\"accelerometer; autoplay; clipboard-write; encrypted-media; gyroscope; picture-in-picture; web-share\" referrerpolicy=\"strict-origin-when-cross-origin\" allowfullscreen><\/iframe>\n<\/div><\/figure>\n\n\n\n<p>Durante estos tres d\u00edas, quince emprendedores locales tendr\u00e1n la oportunidad de presentar y vender sus productos tanto a los residentes de Tulu\u00e1 como a los visitantes que lleguen a la terminal. Este festival no solo busca ofrecer una vitrina para la rica oferta gastron\u00f3mica y comercial de la regi\u00f3n, sino tambi\u00e9n transformar la Central de Transportes en un punto de encuentro vibrante para la cultura y el emprendimiento.<\/p>\n\n\n\n<p>Libia Fernanda Pasm\u00edn, Gerente de la Central de Transportes de Tulu\u00e1, destac\u00f3 la importancia de esta colaboraci\u00f3n: \u201cNos estamos preparando meticulosamente para recibir a los visitantes durante los tres d\u00edas del festival. Utilizaremos todos los corredores disponibles en la central para garantizar una experiencia accesible y atractiva para todos\u201d.<\/p>\n\n\n\n<figure class=\"wp-block-image size-large\"><img loading=\"lazy\" decoding=\"async\" width=\"1024\" height=\"590\" src=\"https:\/\/cnctulua.tv\/wp-content\/uploads\/2024\/07\/PLAZA-DEL-MECATO-TULUA-1024x590.png\" alt=\"\" class=\"wp-image-21416\" srcset=\"https:\/\/cnctulua.tv\/wp-content\/uploads\/2024\/07\/PLAZA-DEL-MECATO-TULUA-1024x590.png 1024w, https:\/\/cnctulua.tv\/wp-content\/uploads\/2024\/07\/PLAZA-DEL-MECATO-TULUA-300x173.png 300w, https:\/\/cnctulua.tv\/wp-content\/uploads\/2024\/07\/PLAZA-DEL-MECATO-TULUA-768x442.png 768w, https:\/\/cnctulua.tv\/wp-content\/uploads\/2024\/07\/PLAZA-DEL-MECATO-TULUA.png 1136w\" sizes=\"auto, (max-width: 1024px) 100vw, 1024px\" \/><\/figure>\n\n\n\n<p>El Festival del Mecato estar\u00e1 abierto al p\u00fablico de 8:00 de la ma\u00f1ana a 19:00 horas cada d\u00eda, ofreciendo amplias oportunidades para disfrutar de la variedad de productos locales. La organizaci\u00f3n del evento ha tomado medidas especiales para asegurar la comodidad y seguridad de los asistentes, incluyendo un parqueadero privado y vigilancia las 24 horas.<\/p>\n\n\n\n<p>La invitaci\u00f3n est\u00e1 abierta a todos los habitantes del Valle del Cauca y a quienes deseen explorar la riqueza gastron\u00f3mica y comercial de Tulu\u00e1 mientras apoyan a los peque\u00f1os productores locales. Este festival promete ser una experiencia enriquecedora y memorable para todos los que se acerquen.<\/p>\n","protected":false},"excerpt":{"rendered":"<p>Del 26 al 28 de julio, la Central de Transportes de Tulu\u00e1 se convertir\u00e1 en el epicentro del Festival del Mecato, una innovadora iniciativa conjunta entre la C\u00e1mara de Comercio. Este evento tiene como objetivo promover los productos t\u00edpicos de la regi\u00f3n y apoyar a los microempresarios locales, revitalizando la econom\u00eda y fortaleciendo el comercio [&hellip;]<\/p>\n","protected":false},"author":3,"featured_media":21417,"comment_status":"open","ping_status":"open","sticky":false,"template":"","format":"video","meta":{"footnotes":""},"categories":[1],"tags":[],"class_list":["post-21415","post","type-post","status-publish","format-video","has-post-thumbnail","hentry","category-uncategorized","post_format-post-format-video"],"_links":{"self":[{"href":"https:\/\/cnctulua.tv\/index.php?rest_route=\/wp\/v2\/posts\/21415","targetHints":{"allow":["GET"]}}],"collection":[{"href":"https:\/\/cnctulua.tv\/index.php?rest_route=\/wp\/v2\/posts"}],"about":[{"href":"https:\/\/cnctulua.tv\/index.php?rest_route=\/wp\/v2\/types\/post"}],"author":[{"embeddable":true,"href":"https:\/\/cnctulua.tv\/index.php?rest_route=\/wp\/v2\/users\/3"}],"replies":[{"embeddable":true,"href":"https:\/\/cnctulua.tv\/index.php?rest_route=%2Fwp%2Fv2%2Fcomments&post=21415"}],"version-history":[{"count":1,"href":"https:\/\/cnctulua.tv\/index.php?rest_route=\/wp\/v2\/posts\/21415\/revisions"}],"predecessor-version":[{"id":21418,"href":"https:\/\/cnctulua.tv\/index.php?rest_route=\/wp\/v2\/posts\/21415\/revisions\/21418"}],"wp:featuredmedia":[{"embeddable":true,"href":"https:\/\/cnctulua.tv\/index.php?rest_route=\/wp\/v2\/media\/21417"}],"wp:attachment":[{"href":"https:\/\/cnctulua.tv\/index.php?rest_route=%2Fwp%2Fv2%2Fmedia&parent=21415"}],"wp:term":[{"taxonomy":"category","embeddable":true,"href":"https:\/\/cnctulua.tv\/index.php?rest_route=%2Fwp%2Fv2%2Fcategories&post=21415"},{"taxonomy":"post_tag","embeddable":true,"href":"https:\/\/cnctulua.tv\/index.php?rest_route=%2Fwp%2Fv2%2Ftags&post=21415"}],"curies":[{"name":"wp","href":"https:\/\/api.w.org\/{rel}","templated":true}]}}