{"id":21435,"date":"2024-07-19T19:05:15","date_gmt":"2024-07-19T19:05:15","guid":{"rendered":"https:\/\/cnctulua.tv\/?p=21435"},"modified":"2024-07-19T19:05:19","modified_gmt":"2024-07-19T19:05:19","slug":"trujillo-celebrara-el-1er-encuentro-nacional-de-yipaos-este-20-y-21-de-julio","status":"publish","type":"post","link":"https:\/\/cnctulua.tv\/?p=21435","title":{"rendered":"TRUJILLO CELEBRAR\u00c1 EL 1ER ENCUENTRO NACIONAL DE YIPAOS ESTE 20 Y 21 DE JULIO."},"content":{"rendered":"\n<p><\/p>\n\n\n\n<p>Este fin de semana, Trujillo se prepara para recibir el Primer Encuentro Nacional de Yipaos, un evento que reunir\u00e1 a entusiastas y propietarios de estos ic\u00f3nicos veh\u00edculos 4&#215;4. El evento se llevar\u00e1 a cabo el 20 y 21 de julio en el parque principal de Trujillo, prometiendo una experiencia \u00fanica para los aficionados a los Yipaos.<\/p>\n\n\n\n<p><\/p>\n\n\n\n<figure class=\"wp-block-embed is-type-video is-provider-youtube wp-block-embed-youtube wp-embed-aspect-16-9 wp-has-aspect-ratio\"><div class=\"wp-block-embed__wrapper\">\n<iframe loading=\"lazy\" title=\"1er Encuentro Nacional de Yipaos en Trujillo Este 20 y 21 de Julio.\" width=\"640\" height=\"360\" src=\"https:\/\/www.youtube.com\/embed\/Jl_0BPTyVOw?feature=oembed\" frameborder=\"0\" allow=\"accelerometer; autoplay; clipboard-write; encrypted-media; gyroscope; picture-in-picture; web-share\" referrerpolicy=\"strict-origin-when-cross-origin\" allowfullscreen><\/iframe>\n<\/div><\/figure>\n\n\n\n<p>Carlos Gilberto Cadavid Valencia, organizador del encuentro, ha extendido una invitaci\u00f3n a todos los interesados en participar. La jornada del domingo 21 de julio, que se desarrollar\u00e1 de 10:00 a.m. a 1:00 p.m., ofrecer\u00e1 diversas actividades y exhibiciones centradas en estos veh\u00edculos cl\u00e1sicos.<\/p>\n\n\n\n<p>Para garantizar una participaci\u00f3n segura y ordenada, se requiere una inscripci\u00f3n previa para los veh\u00edculos. Los participantes deber\u00e1n presentar la ficha t\u00e9cnica y el SOAT del yipao al momento de la inscripci\u00f3n. Adem\u00e1s, se realizar\u00e1 una inspecci\u00f3n para verificar que los veh\u00edculos est\u00e9n en perfectas condiciones y no representen riesgos para la comunidad.<\/p>\n\n\n\n<figure class=\"wp-block-image size-full is-resized\"><img loading=\"lazy\" decoding=\"async\" width=\"503\" height=\"733\" src=\"https:\/\/cnctulua.tv\/wp-content\/uploads\/2024\/07\/WhatsApp-Image-2024-07-18-at-4.56.55-PM.jpeg\" alt=\"\" class=\"wp-image-21437\" style=\"width:701px;height:auto\" srcset=\"https:\/\/cnctulua.tv\/wp-content\/uploads\/2024\/07\/WhatsApp-Image-2024-07-18-at-4.56.55-PM.jpeg 503w, https:\/\/cnctulua.tv\/wp-content\/uploads\/2024\/07\/WhatsApp-Image-2024-07-18-at-4.56.55-PM-206x300.jpeg 206w\" sizes=\"auto, (max-width: 503px) 100vw, 503px\" \/><\/figure>\n\n\n\n<p>El evento contar\u00e1 con una serie de actividades destacadas, incluyendo una din\u00e1mica de parqueo en reversa, que comenzar\u00e1 a las 11:00 a.m. Durante esta prueba, se premiar\u00e1 a los conductores que demuestren la mejor habilidad en el uso de los retrovisores para estacionar en reversa. La jornada tambi\u00e9n incluir\u00e1 un recorrido por el pueblo y una visita al complejo tur\u00edstico.<\/p>\n\n\n\n<p>Los interesados en participar deben inscribirse a trav\u00e9s de la p\u00e1gina web del comit\u00e9 organizador, bajo la direcci\u00f3n de Willis J Tello, quien ha coordinado las inscripciones y proporcionados detalles adicionales sobre el evento.<\/p>\n\n\n\n<p>Adem\u00e1s de la exhibici\u00f3n de yipaos, el evento ofrecer\u00e1 una noche campesina y monta\u00f1era el s\u00e1bado 20 de julio, brindando a los visitantes la oportunidad de sumergirse en la cultura local de Trujillo. Se invita a todos los asistentes a disfrutar de esta celebraci\u00f3n de la tradici\u00f3n y la camarader\u00eda en el municipio de Trujillo.<\/p>\n","protected":false},"excerpt":{"rendered":"<p>Este fin de semana, Trujillo se prepara para recibir el Primer Encuentro Nacional de Yipaos, un evento que reunir\u00e1 a entusiastas y propietarios de estos ic\u00f3nicos veh\u00edculos 4&#215;4. El evento se llevar\u00e1 a cabo el 20 y 21 de julio en el parque principal de Trujillo, prometiendo una experiencia \u00fanica para los aficionados a los [&hellip;]<\/p>\n","protected":false},"author":3,"featured_media":21436,"comment_status":"open","ping_status":"open","sticky":false,"template":"","format":"video","meta":{"footnotes":""},"categories":[1],"tags":[],"class_list":["post-21435","post","type-post","status-publish","format-video","has-post-thumbnail","hentry","category-uncategorized","post_format-post-format-video"],"_links":{"self":[{"href":"https:\/\/cnctulua.tv\/index.php?rest_route=\/wp\/v2\/posts\/21435","targetHints":{"allow":["GET"]}}],"collection":[{"href":"https:\/\/cnctulua.tv\/index.php?rest_route=\/wp\/v2\/posts"}],"about":[{"href":"https:\/\/cnctulua.tv\/index.php?rest_route=\/wp\/v2\/types\/post"}],"author":[{"embeddable":true,"href":"https:\/\/cnctulua.tv\/index.php?rest_route=\/wp\/v2\/users\/3"}],"replies":[{"embeddable":true,"href":"https:\/\/cnctulua.tv\/index.php?rest_route=%2Fwp%2Fv2%2Fcomments&post=21435"}],"version-history":[{"count":1,"href":"https:\/\/cnctulua.tv\/index.php?rest_route=\/wp\/v2\/posts\/21435\/revisions"}],"predecessor-version":[{"id":21438,"href":"https:\/\/cnctulua.tv\/index.php?rest_route=\/wp\/v2\/posts\/21435\/revisions\/21438"}],"wp:featuredmedia":[{"embeddable":true,"href":"https:\/\/cnctulua.tv\/index.php?rest_route=\/wp\/v2\/media\/21436"}],"wp:attachment":[{"href":"https:\/\/cnctulua.tv\/index.php?rest_route=%2Fwp%2Fv2%2Fmedia&parent=21435"}],"wp:term":[{"taxonomy":"category","embeddable":true,"href":"https:\/\/cnctulua.tv\/index.php?rest_route=%2Fwp%2Fv2%2Fcategories&post=21435"},{"taxonomy":"post_tag","embeddable":true,"href":"https:\/\/cnctulua.tv\/index.php?rest_route=%2Fwp%2Fv2%2Ftags&post=21435"}],"curies":[{"name":"wp","href":"https:\/\/api.w.org\/{rel}","templated":true}]}}