{"id":21473,"date":"2024-07-22T17:12:36","date_gmt":"2024-07-22T17:12:36","guid":{"rendered":"https:\/\/cnctulua.tv\/?p=21473"},"modified":"2024-07-22T17:12:40","modified_gmt":"2024-07-22T17:12:40","slug":"proximamente-se-inaugurara-un-nuevo-parqueadero-en-la-central-de-transportes-de-tulua-mas-comodidad-y-seguridad-para-los-usuarios","status":"publish","type":"post","link":"https:\/\/cnctulua.tv\/?p=21473","title":{"rendered":"PR\u00d3XIMAMENTE SE INAUGURAR\u00c1 UN NUEVO PARQUEADERO EN LA CENTRAL DE TRANSPORTES DE TULU\u00c1: M\u00c1S COMODIDAD Y SEGURIDAD PARA LOS USUARIOS."},"content":{"rendered":"\n<p><\/p>\n\n\n\n<p>La Central de Transportes de Tulu\u00e1 dio un importante paso hacia la mejora de sus instalaciones con la inauguraci\u00f3n de un nuevo parqueadero comercial. Este espacio, ubicado estrat\u00e9gicamente dentro de la central, promete ofrecer mayor comodidad y seguridad a los usuarios locales y visitantes.<\/p>\n\n\n\n<p><\/p>\n\n\n\n<figure class=\"wp-block-embed is-type-video is-provider-youtube wp-block-embed-youtube wp-embed-aspect-16-9 wp-has-aspect-ratio\"><div class=\"wp-block-embed__wrapper\">\n<iframe loading=\"lazy\" title=\"La Central de Transportes de Tulu\u00e1: Contar\u00e1 con un moderno parqueadero 24 horas.\" width=\"640\" height=\"360\" src=\"https:\/\/www.youtube.com\/embed\/uA7p1UmtXC4?feature=oembed\" frameborder=\"0\" allow=\"accelerometer; autoplay; clipboard-write; encrypted-media; gyroscope; picture-in-picture; web-share\" referrerpolicy=\"strict-origin-when-cross-origin\" allowfullscreen><\/iframe>\n<\/div><\/figure>\n\n\n\n<p>Con capacidad para albergar hasta 500 veh\u00edculos, el parqueadero asfaltado estar\u00e1 disponible las 24 horas del d\u00eda a partir del primero de agosto. Equipado con 101 c\u00e1maras de vigilancia y personal de seguridad privada, se garantiza la protecci\u00f3n integral de los autom\u00f3viles mientras los propietarios utilizan los servicios de transporte p\u00fablico disponibles en la central.<\/p>\n\n\n\n<p>Ubicado en una zona separada de las operaciones de buses y taxis, el acceso al parqueadero se facilita desde la entrada principal de la central. Adem\u00e1s del estacionamiento seguro, se ofrecer\u00e1n servicios adicionales como lavado de autos y cambio de aceite, en un esfuerzo por mejorar la experiencia general de los usuarios.<\/p>\n\n\n\n<figure class=\"wp-block-image size-large\"><img loading=\"lazy\" decoding=\"async\" width=\"1024\" height=\"564\" src=\"https:\/\/cnctulua.tv\/wp-content\/uploads\/2024\/07\/JORNADA-TRANSPORTE-TULA-TERMINAL-1024x564.png\" alt=\"\" class=\"wp-image-21474\" srcset=\"https:\/\/cnctulua.tv\/wp-content\/uploads\/2024\/07\/JORNADA-TRANSPORTE-TULA-TERMINAL-1024x564.png 1024w, https:\/\/cnctulua.tv\/wp-content\/uploads\/2024\/07\/JORNADA-TRANSPORTE-TULA-TERMINAL-300x165.png 300w, https:\/\/cnctulua.tv\/wp-content\/uploads\/2024\/07\/JORNADA-TRANSPORTE-TULA-TERMINAL-768x423.png 768w, https:\/\/cnctulua.tv\/wp-content\/uploads\/2024\/07\/JORNADA-TRANSPORTE-TULA-TERMINAL.png 1117w\" sizes=\"auto, (max-width: 1024px) 100vw, 1024px\" \/><\/figure>\n\n\n\n<p>\u00abEstamos comprometidos con ofrecer instalaciones de clase mundial que satisfagan las necesidades de nuestra comunidad\u00bb, afirm\u00f3 Libia Fernanda Pasm\u00edn, Gerente de la Central de Transportes de Tulu\u00e1. \u00abEste nuevo parqueadero no solo mejora la seguridad y comodidad, sino que tambi\u00e9n representa nuestro compromiso continuo con la excelencia en el servicio\u00bb.<\/p>\n\n\n\n<p>Con esta iniciativa, la Central de Transportes de Tulu\u00e1 reafirma su posici\u00f3n como un centro vital para el transporte en la regi\u00f3n, proporcionando infraestructura moderna y servicios de calidad que benefician a todos los usuarios que frecuentan sus instalaciones.<\/p>\n","protected":false},"excerpt":{"rendered":"<p>La Central de Transportes de Tulu\u00e1 dio un importante paso hacia la mejora de sus instalaciones con la inauguraci\u00f3n de un nuevo parqueadero comercial. Este espacio, ubicado estrat\u00e9gicamente dentro de la central, promete ofrecer mayor comodidad y seguridad a los usuarios locales y visitantes. Con capacidad para albergar hasta 500 veh\u00edculos, el parqueadero asfaltado estar\u00e1 [&hellip;]<\/p>\n","protected":false},"author":3,"featured_media":21475,"comment_status":"open","ping_status":"open","sticky":false,"template":"","format":"video","meta":{"footnotes":""},"categories":[1],"tags":[],"class_list":["post-21473","post","type-post","status-publish","format-video","has-post-thumbnail","hentry","category-uncategorized","post_format-post-format-video"],"_links":{"self":[{"href":"https:\/\/cnctulua.tv\/index.php?rest_route=\/wp\/v2\/posts\/21473","targetHints":{"allow":["GET"]}}],"collection":[{"href":"https:\/\/cnctulua.tv\/index.php?rest_route=\/wp\/v2\/posts"}],"about":[{"href":"https:\/\/cnctulua.tv\/index.php?rest_route=\/wp\/v2\/types\/post"}],"author":[{"embeddable":true,"href":"https:\/\/cnctulua.tv\/index.php?rest_route=\/wp\/v2\/users\/3"}],"replies":[{"embeddable":true,"href":"https:\/\/cnctulua.tv\/index.php?rest_route=%2Fwp%2Fv2%2Fcomments&post=21473"}],"version-history":[{"count":1,"href":"https:\/\/cnctulua.tv\/index.php?rest_route=\/wp\/v2\/posts\/21473\/revisions"}],"predecessor-version":[{"id":21476,"href":"https:\/\/cnctulua.tv\/index.php?rest_route=\/wp\/v2\/posts\/21473\/revisions\/21476"}],"wp:featuredmedia":[{"embeddable":true,"href":"https:\/\/cnctulua.tv\/index.php?rest_route=\/wp\/v2\/media\/21475"}],"wp:attachment":[{"href":"https:\/\/cnctulua.tv\/index.php?rest_route=%2Fwp%2Fv2%2Fmedia&parent=21473"}],"wp:term":[{"taxonomy":"category","embeddable":true,"href":"https:\/\/cnctulua.tv\/index.php?rest_route=%2Fwp%2Fv2%2Fcategories&post=21473"},{"taxonomy":"post_tag","embeddable":true,"href":"https:\/\/cnctulua.tv\/index.php?rest_route=%2Fwp%2Fv2%2Ftags&post=21473"}],"curies":[{"name":"wp","href":"https:\/\/api.w.org\/{rel}","templated":true}]}}