{"id":21522,"date":"2024-07-23T15:51:51","date_gmt":"2024-07-23T15:51:51","guid":{"rendered":"https:\/\/cnctulua.tv\/?p=21522"},"modified":"2024-07-23T15:51:56","modified_gmt":"2024-07-23T15:51:56","slug":"legado-vivo-egresados-del-gimnasio-del-pacifico-comparten-sus-historias-despues-de-50-anos-de-graduados","status":"publish","type":"post","link":"https:\/\/cnctulua.tv\/?p=21522","title":{"rendered":"LEGADO VIVO: EGRESADOS DEL GIMNASIO DEL PAC\u00cdFICO COMPARTEN SUS HISTORIAS DESPU\u00c9S DE 50 A\u00d1OS DE GRADUADOS."},"content":{"rendered":"\n<p><\/p>\n\n\n\n<p>En una emotiva reuni\u00f3n, los egresados del Gimnasio del Pac\u00edfico se reunieron despu\u00e9s de 50 a\u00f1os para rememorar sus d\u00edas de colegio y reflexionar sobre su trayectoria desde entonces. Entre los destacados participantes se encontraban Alberto Galeano Ayala, m\u00e9dico; Daniel Soto Arana, contador; Alfonso Jaramillo Ossa, m\u00e9dico radi\u00f3logo; y Walter Fernando Duque Ortiz, abogado.<\/p>\n\n\n\n<p><\/p>\n\n\n\n<figure class=\"wp-block-embed is-type-video is-provider-youtube wp-block-embed-youtube wp-embed-aspect-16-9 wp-has-aspect-ratio\"><div class=\"wp-block-embed__wrapper\">\n<iframe loading=\"lazy\" title=\"Memorias del Gimnasio del Pac\u00edfico: Experiencias y an\u00e9cdotas de antiguos estudiantes.\" width=\"640\" height=\"360\" src=\"https:\/\/www.youtube.com\/embed\/i2RRNCTPdKY?feature=oembed\" frameborder=\"0\" allow=\"accelerometer; autoplay; clipboard-write; encrypted-media; gyroscope; picture-in-picture; web-share\" referrerpolicy=\"strict-origin-when-cross-origin\" allowfullscreen><\/iframe>\n<\/div><\/figure>\n\n\n\n<p>El encuentro fue una oportunidad para compartir experiencias y an\u00e9cdotas que marcaban su tiempo en la instituci\u00f3n. Alberto Galeano Ayala expres\u00f3 su gratitud por regresar al colegio despu\u00e9s de tanto tiempo y recordar los momentos vividos con sus compa\u00f1eros. Destac\u00f3 la solidaridad entre ellos, especialmente en tiempos de protestas estudiantiles y la ausencia de tecnolog\u00eda que caracterizaba aquellos a\u00f1os.<\/p>\n\n\n\n<p>Por su parte, Daniel Soto Arana record\u00f3 con cari\u00f1o la figura de sus profesores y el ambiente acad\u00e9mico que prepar\u00f3 s\u00f3lidamente para su carrera en contadur\u00eda, resaltando la importancia de la formaci\u00f3n recibida en el Gimnasio del Pac\u00edfico.<\/p>\n\n\n\n<figure class=\"wp-block-image size-large\"><img loading=\"lazy\" decoding=\"async\" width=\"576\" height=\"1024\" src=\"https:\/\/cnctulua.tv\/wp-content\/uploads\/2024\/07\/WhatsApp-Image-2024-07-23-at-10.41.33-AM-1-576x1024.jpeg\" alt=\"\" class=\"wp-image-21527\" srcset=\"https:\/\/cnctulua.tv\/wp-content\/uploads\/2024\/07\/WhatsApp-Image-2024-07-23-at-10.41.33-AM-1-576x1024.jpeg 576w, https:\/\/cnctulua.tv\/wp-content\/uploads\/2024\/07\/WhatsApp-Image-2024-07-23-at-10.41.33-AM-1-169x300.jpeg 169w, https:\/\/cnctulua.tv\/wp-content\/uploads\/2024\/07\/WhatsApp-Image-2024-07-23-at-10.41.33-AM-1-768x1365.jpeg 768w, https:\/\/cnctulua.tv\/wp-content\/uploads\/2024\/07\/WhatsApp-Image-2024-07-23-at-10.41.33-AM-1-864x1536.jpeg 864w, https:\/\/cnctulua.tv\/wp-content\/uploads\/2024\/07\/WhatsApp-Image-2024-07-23-at-10.41.33-AM-1.jpeg 900w\" sizes=\"auto, (max-width: 576px) 100vw, 576px\" \/><\/figure>\n\n\n\n<p>Alfonso Jaramillo Ossa comparti\u00f3 an\u00e9cdotas humor\u00edsticas sobre travesuras pasadas, subrayando la cohesi\u00f3n del grupo y el respeto mutuo entre compa\u00f1eros y maestros. Rememor\u00f3 con simpat\u00eda los apodos y las travesuras del aula, con historias que provocaron risas entre los presentes.<\/p>\n\n\n\n<p>Finalmente, Walter Fernando Duque Ortiz reflexion\u00f3 sobre la influencia del colegio en su desarrollo personal y profesional como abogado. Destac\u00f3 la calidad educativa y humana de los profesores, que no solo impartieron conocimientos acad\u00e9micos sino tambi\u00e9n valores fundamentales para la vida.<\/p>\n\n\n\n<p>El reencuentro no solo sirvi\u00f3 como un momento nost\u00e1lgico, sino tambi\u00e9n como una oportunidad para celebrar la trayectoria y los logros de cada egresado desde su paso por el Gimnasio del Pac\u00edfico. Con un ambiente de camarader\u00eda y afecto, los participantes recordaron con cari\u00f1o los a\u00f1os de juventud que los unieron en esta prestigiosa instituci\u00f3n educativa.<\/p>\n\n\n\n<p>Este evento no solo honr\u00f3 la memoria de los momentos compartidos, sino que tambi\u00e9n dej\u00f3 un mensaje de aliento para las futuras generaciones, destacando la importancia de valorar la educaci\u00f3n y las relaciones humanas en la formaci\u00f3n integral de los estudiantes.<\/p>\n\n\n\n<p>El Gimnasio del Pac\u00edfico sigue siendo recordado como un basti\u00f3n de excelencia acad\u00e9mica y valores, dejando una huella imborrable en quienes tuvieron el privilegio de ser parte de su comunidad estudiantil.<\/p>\n","protected":false},"excerpt":{"rendered":"<p>En una emotiva reuni\u00f3n, los egresados del Gimnasio del Pac\u00edfico se reunieron despu\u00e9s de 50 a\u00f1os para rememorar sus d\u00edas de colegio y reflexionar sobre su trayectoria desde entonces. Entre los destacados participantes se encontraban Alberto Galeano Ayala, m\u00e9dico; Daniel Soto Arana, contador; Alfonso Jaramillo Ossa, m\u00e9dico radi\u00f3logo; y Walter Fernando Duque Ortiz, abogado. El [&hellip;]<\/p>\n","protected":false},"author":3,"featured_media":21528,"comment_status":"open","ping_status":"open","sticky":false,"template":"","format":"video","meta":{"footnotes":""},"categories":[1],"tags":[],"class_list":["post-21522","post","type-post","status-publish","format-video","has-post-thumbnail","hentry","category-uncategorized","post_format-post-format-video"],"_links":{"self":[{"href":"https:\/\/cnctulua.tv\/index.php?rest_route=\/wp\/v2\/posts\/21522","targetHints":{"allow":["GET"]}}],"collection":[{"href":"https:\/\/cnctulua.tv\/index.php?rest_route=\/wp\/v2\/posts"}],"about":[{"href":"https:\/\/cnctulua.tv\/index.php?rest_route=\/wp\/v2\/types\/post"}],"author":[{"embeddable":true,"href":"https:\/\/cnctulua.tv\/index.php?rest_route=\/wp\/v2\/users\/3"}],"replies":[{"embeddable":true,"href":"https:\/\/cnctulua.tv\/index.php?rest_route=%2Fwp%2Fv2%2Fcomments&post=21522"}],"version-history":[{"count":1,"href":"https:\/\/cnctulua.tv\/index.php?rest_route=\/wp\/v2\/posts\/21522\/revisions"}],"predecessor-version":[{"id":21529,"href":"https:\/\/cnctulua.tv\/index.php?rest_route=\/wp\/v2\/posts\/21522\/revisions\/21529"}],"wp:featuredmedia":[{"embeddable":true,"href":"https:\/\/cnctulua.tv\/index.php?rest_route=\/wp\/v2\/media\/21528"}],"wp:attachment":[{"href":"https:\/\/cnctulua.tv\/index.php?rest_route=%2Fwp%2Fv2%2Fmedia&parent=21522"}],"wp:term":[{"taxonomy":"category","embeddable":true,"href":"https:\/\/cnctulua.tv\/index.php?rest_route=%2Fwp%2Fv2%2Fcategories&post=21522"},{"taxonomy":"post_tag","embeddable":true,"href":"https:\/\/cnctulua.tv\/index.php?rest_route=%2Fwp%2Fv2%2Ftags&post=21522"}],"curies":[{"name":"wp","href":"https:\/\/api.w.org\/{rel}","templated":true}]}}