{"id":21541,"date":"2024-07-23T16:57:51","date_gmt":"2024-07-23T16:57:51","guid":{"rendered":"https:\/\/cnctulua.tv\/?p=21541"},"modified":"2024-07-23T16:57:59","modified_gmt":"2024-07-23T16:57:59","slug":"nuevas-medidas-en-tulua-para-combatir-la-violencia-de-genero","status":"publish","type":"post","link":"https:\/\/cnctulua.tv\/?p=21541","title":{"rendered":"NUEVAS MEDIDAS EN TULU\u00c1 PARA COMBATIR LA VIOLENCIA DE G\u00c9NERO."},"content":{"rendered":"\n<p><\/p>\n\n\n\n<p>En una reciente reuni\u00f3n del mecanismo articulador de la violencia de g\u00e9nero, Jos\u00e9 Mart\u00edn Hincapi\u00e9 \u00c1lvarez, Secretario de Gobierno de Tulu\u00e1, anunci\u00f3 importantes avances y planes para fortalecer la atenci\u00f3n y prevenci\u00f3n de la violencia de g\u00e9nero en el municipio.<\/p>\n\n\n\n<p><\/p>\n\n\n\n<figure class=\"wp-block-embed is-type-video is-provider-youtube wp-block-embed-youtube wp-embed-aspect-16-9 wp-has-aspect-ratio\"><div class=\"wp-block-embed__wrapper\">\n<iframe loading=\"lazy\" title=\"Tulu\u00e1 fortalece acciones contra la violencia de g\u00e9nero.\" width=\"640\" height=\"360\" src=\"https:\/\/www.youtube.com\/embed\/xwAgLOhKZp8?feature=oembed\" frameborder=\"0\" allow=\"accelerometer; autoplay; clipboard-write; encrypted-media; gyroscope; picture-in-picture; web-share\" referrerpolicy=\"strict-origin-when-cross-origin\" allowfullscreen><\/iframe>\n<\/div><\/figure>\n\n\n\n<p>\u00abEl mecanismo articulador sesion\u00f3 esta semana y algo muy importante, el mecanismo articulador de la violencia de g\u00e9nero, lo que hace es que precisamente sea una instancia liderada por la Secretar\u00eda de Salud debido a un acuerdo municipal que fue expedido el a\u00f1o inmediatamente anterior,\u00bb explic\u00f3 Hincapi\u00e9 \u00c1lvarez. Este mecanismo busca coordinar las acciones del gobierno y las autoridades comprometidas en la prevenci\u00f3n y atenci\u00f3n de la violencia de g\u00e9nero.<\/p>\n\n\n\n<p>Durante la sesi\u00f3n, se destac\u00f3 la ampliaci\u00f3n de las comisar\u00edas de familia. \u00abEstamos pasando de tres comisarios a cuatro comisarios, y estamos consolidando cuatro equipos de intervenci\u00f3n psicosocial que apoyan precisamente a los comisarios,\u00bb se\u00f1al\u00f3 el secretario. Adem\u00e1s, se est\u00e1n destinando recursos significativos para mejorar la capacidad log\u00edstica y operativa de estas comisar\u00edas, que actualmente se encuentran en una situaci\u00f3n precaria.<\/p>\n\n\n\n<p>En un esfuerzo conjunto con la Fiscal\u00eda General de la Naci\u00f3n, se han firmado dos convenios importantes. \u00abUn primer convenio dispone de un equipo de seis personas entre profesionales y t\u00e9cnicos para apoyar el \u00e1rea de atenci\u00f3n de la Fiscal\u00eda aqu\u00ed en Tulu\u00e1,\u00bb dijo Hincapi\u00e9 \u00c1lvarez. Este equipo se enfocar\u00e1 en la recepci\u00f3n de denuncias, especialmente aquellas relacionadas con la violencia de g\u00e9nero, extorsi\u00f3n y amenazas. \u00abEl segundo convenio es para disponer de un punto de atenci\u00f3n de la Fiscal\u00eda en la Secretar\u00eda de Gobierno para brindar mayor acceso a la justicia y a la denuncia,\u00bb a\u00f1adi\u00f3.<\/p>\n\n\n\n<p>En un esfuerzo adicional para proteger a las v\u00edctimas de violencia de g\u00e9nero, se est\u00e1 implementando un hogar de paso de protecci\u00f3n para mujeres violentadas. \u00abEste sitio ser\u00e1 un lugar seguro con equipo psicosocial y apoyo para garantizar la seguridad de las personas v\u00edctimas de violencia de g\u00e9nero,\u00bb afirm\u00f3 el secretario. La ubicaci\u00f3n del hogar de paso es reservada para proteger la integridad f\u00edsica y emocional de las mujeres y sus familias.<\/p>\n\n\n\n<p>El secretario concluy\u00f3 haciendo un llamado a las mujeres a denunciar cualquier tipo de violencia a tiempo. \u00abEs muy importante que las mujeres que son v\u00edctimas de violencia de g\u00e9nero denuncien a tiempo, act\u00faen a tiempo, y no permitan que el maltrato y la violencia prosperen,\u00bb subray\u00f3 Hincapi\u00e9 \u00c1lvarez.<\/p>\n\n\n\n<p>Con estos esfuerzos, Tulu\u00e1 busca fortalecer la atenci\u00f3n y protecci\u00f3n de las v\u00edctimas de violencia de g\u00e9nero, garantizando su seguridad y restauraci\u00f3n de derechos en colaboraci\u00f3n con la Secretar\u00eda de Salud y otras autoridades municipales.<\/p>\n","protected":false},"excerpt":{"rendered":"<p>En una reciente reuni\u00f3n del mecanismo articulador de la violencia de g\u00e9nero, Jos\u00e9 Mart\u00edn Hincapi\u00e9 \u00c1lvarez, Secretario de Gobierno de Tulu\u00e1, anunci\u00f3 importantes avances y planes para fortalecer la atenci\u00f3n y prevenci\u00f3n de la violencia de g\u00e9nero en el municipio. \u00abEl mecanismo articulador sesion\u00f3 esta semana y algo muy importante, el mecanismo articulador de la [&hellip;]<\/p>\n","protected":false},"author":3,"featured_media":21542,"comment_status":"open","ping_status":"open","sticky":false,"template":"","format":"video","meta":{"footnotes":""},"categories":[1],"tags":[],"class_list":["post-21541","post","type-post","status-publish","format-video","has-post-thumbnail","hentry","category-uncategorized","post_format-post-format-video"],"_links":{"self":[{"href":"https:\/\/cnctulua.tv\/index.php?rest_route=\/wp\/v2\/posts\/21541","targetHints":{"allow":["GET"]}}],"collection":[{"href":"https:\/\/cnctulua.tv\/index.php?rest_route=\/wp\/v2\/posts"}],"about":[{"href":"https:\/\/cnctulua.tv\/index.php?rest_route=\/wp\/v2\/types\/post"}],"author":[{"embeddable":true,"href":"https:\/\/cnctulua.tv\/index.php?rest_route=\/wp\/v2\/users\/3"}],"replies":[{"embeddable":true,"href":"https:\/\/cnctulua.tv\/index.php?rest_route=%2Fwp%2Fv2%2Fcomments&post=21541"}],"version-history":[{"count":1,"href":"https:\/\/cnctulua.tv\/index.php?rest_route=\/wp\/v2\/posts\/21541\/revisions"}],"predecessor-version":[{"id":21543,"href":"https:\/\/cnctulua.tv\/index.php?rest_route=\/wp\/v2\/posts\/21541\/revisions\/21543"}],"wp:featuredmedia":[{"embeddable":true,"href":"https:\/\/cnctulua.tv\/index.php?rest_route=\/wp\/v2\/media\/21542"}],"wp:attachment":[{"href":"https:\/\/cnctulua.tv\/index.php?rest_route=%2Fwp%2Fv2%2Fmedia&parent=21541"}],"wp:term":[{"taxonomy":"category","embeddable":true,"href":"https:\/\/cnctulua.tv\/index.php?rest_route=%2Fwp%2Fv2%2Fcategories&post=21541"},{"taxonomy":"post_tag","embeddable":true,"href":"https:\/\/cnctulua.tv\/index.php?rest_route=%2Fwp%2Fv2%2Ftags&post=21541"}],"curies":[{"name":"wp","href":"https:\/\/api.w.org\/{rel}","templated":true}]}}