{"id":21567,"date":"2024-07-23T19:03:13","date_gmt":"2024-07-23T19:03:13","guid":{"rendered":"https:\/\/cnctulua.tv\/?p=21567"},"modified":"2024-07-24T13:09:33","modified_gmt":"2024-07-24T13:09:33","slug":"el-museo-arqueologico-calima-renovara-su-guion-museografico-y-senaletica-para-personas-con-discapacidad","status":"publish","type":"post","link":"https:\/\/cnctulua.tv\/?p=21567","title":{"rendered":"EL MUSEO ARQUEOL\u00d3GICO CALIMA RENOVAR\u00c1 SU GUION MUSEOGR\u00c1FICO Y SE\u00d1AL\u00c9TICA PARA PERSONAS CON DISCAPACIDAD."},"content":{"rendered":"\n<p><\/p>\n\n\n\n<p>El Museo Arqueol\u00f3gico Calima, situado en Calima-El Dari\u00e9n y administrado por el Instituto Cinol\u00f3gico del Valle (INCIVA), ha sido recientemente galardonado en la convocatoria \u2018Entrelazos, Hilando Sue\u00f1os de Regi\u00f3n\u2019 organizada por la Fundaci\u00f3n Zool\u00f3gica de Cali. Este reconocimiento permitir\u00e1 al museo realizar importantes actualizaciones en su guion museogr\u00e1fico y se\u00f1al\u00e9tica, enfoc\u00e1ndose especialmente en mejorar la accesibilidad para personas con discapacidad.<\/p>\n\n\n\n<p><\/p>\n\n\n\n<figure class=\"wp-block-embed is-type-video is-provider-youtube wp-block-embed-youtube wp-embed-aspect-16-9 wp-has-aspect-ratio\"><div class=\"wp-block-embed__wrapper\">\n<iframe loading=\"lazy\" title=\"Calima-El Dari\u00e9n: Museo Arqueol\u00f3gico mejorar\u00e1 inclusi\u00f3n para personas con discapacidad.\" width=\"640\" height=\"360\" src=\"https:\/\/www.youtube.com\/embed\/zy0KQ61_Uno?feature=oembed\" frameborder=\"0\" allow=\"accelerometer; autoplay; clipboard-write; encrypted-media; gyroscope; picture-in-picture; web-share\" referrerpolicy=\"strict-origin-when-cross-origin\" allowfullscreen><\/iframe>\n<\/div><\/figure>\n\n\n\n<p>Emily Vanessa V\u00e9lez, directora de INCIVA, subray\u00f3 la relevancia del premio: \u201cLa convocatoria es significativa porque abarca diversos grupos poblacionales, incluidos ind\u00edgenas, afrodescendientes, personas en situaci\u00f3n de discapacidad y la comunidad general de Calima-El Dari\u00e9n. Las prioridades ser\u00e1n mejorar los elementos comunicativos y mediadores del museo, as\u00ed como desarrollar estrategias de inclusi\u00f3n para personas con discapacidad visual y grupos \u00e9tnicos.\u201d<\/p>\n\n\n\n<figure class=\"wp-block-image size-full\"><img loading=\"lazy\" decoding=\"async\" width=\"560\" height=\"354\" src=\"https:\/\/cnctulua.tv\/wp-content\/uploads\/2024\/07\/museo-arqueologico-calima-3.jpg\" alt=\"\" class=\"wp-image-21569\" srcset=\"https:\/\/cnctulua.tv\/wp-content\/uploads\/2024\/07\/museo-arqueologico-calima-3.jpg 560w, https:\/\/cnctulua.tv\/wp-content\/uploads\/2024\/07\/museo-arqueologico-calima-3-300x190.jpg 300w\" sizes=\"auto, (max-width: 560px) 100vw, 560px\" \/><\/figure>\n\n\n\n<p>Con el apoyo de este premio INCIVA llevar\u00e1 a cabo talleres comunitarios para recopilar perspectivas de las comunidades ind\u00edgenas y otros grupos poblacionales locales. Esta informaci\u00f3n ser\u00e1 crucial para adaptar los espacios y servicios del Museo Arqueol\u00f3gico Calima a las necesidades de estas comunidades, haciendo que el museo sea m\u00e1s accesible e inclusivo.<\/p>\n\n\n\n<figure class=\"wp-block-image size-full\"><img loading=\"lazy\" decoding=\"async\" width=\"560\" height=\"354\" src=\"https:\/\/cnctulua.tv\/wp-content\/uploads\/2024\/07\/museo-arqueologico-calima-4.jpg\" alt=\"\" class=\"wp-image-21570\" srcset=\"https:\/\/cnctulua.tv\/wp-content\/uploads\/2024\/07\/museo-arqueologico-calima-4.jpg 560w, https:\/\/cnctulua.tv\/wp-content\/uploads\/2024\/07\/museo-arqueologico-calima-4-300x190.jpg 300w\" sizes=\"auto, (max-width: 560px) 100vw, 560px\" \/><\/figure>\n\n\n\n<p>El premio forma parte de una iniciativa destinada a fortalecer la ciencia, la tecnolog\u00eda y la innovaci\u00f3n en nueve centros de ciencia no reconocidos o certificados de la regi\u00f3n Pac\u00edfico. La financiaci\u00f3n proviene del Sistema General de Regal\u00edas, MinCiencias y aliados, y busca apoyar el desarrollo y la consolidaci\u00f3n de estos centros en su misi\u00f3n de promover el conocimiento y la cultura.<\/p>\n","protected":false},"excerpt":{"rendered":"<p>El Museo Arqueol\u00f3gico Calima, situado en Calima-El Dari\u00e9n y administrado por el Instituto Cinol\u00f3gico del Valle (INCIVA), ha sido recientemente galardonado en la convocatoria \u2018Entrelazos, Hilando Sue\u00f1os de Regi\u00f3n\u2019 organizada por la Fundaci\u00f3n Zool\u00f3gica de Cali. Este reconocimiento permitir\u00e1 al museo realizar importantes actualizaciones en su guion museogr\u00e1fico y se\u00f1al\u00e9tica, enfoc\u00e1ndose especialmente en mejorar la [&hellip;]<\/p>\n","protected":false},"author":3,"featured_media":21571,"comment_status":"open","ping_status":"open","sticky":false,"template":"","format":"video","meta":{"footnotes":""},"categories":[1],"tags":[],"class_list":["post-21567","post","type-post","status-publish","format-video","has-post-thumbnail","hentry","category-uncategorized","post_format-post-format-video"],"_links":{"self":[{"href":"https:\/\/cnctulua.tv\/index.php?rest_route=\/wp\/v2\/posts\/21567","targetHints":{"allow":["GET"]}}],"collection":[{"href":"https:\/\/cnctulua.tv\/index.php?rest_route=\/wp\/v2\/posts"}],"about":[{"href":"https:\/\/cnctulua.tv\/index.php?rest_route=\/wp\/v2\/types\/post"}],"author":[{"embeddable":true,"href":"https:\/\/cnctulua.tv\/index.php?rest_route=\/wp\/v2\/users\/3"}],"replies":[{"embeddable":true,"href":"https:\/\/cnctulua.tv\/index.php?rest_route=%2Fwp%2Fv2%2Fcomments&post=21567"}],"version-history":[{"count":1,"href":"https:\/\/cnctulua.tv\/index.php?rest_route=\/wp\/v2\/posts\/21567\/revisions"}],"predecessor-version":[{"id":21572,"href":"https:\/\/cnctulua.tv\/index.php?rest_route=\/wp\/v2\/posts\/21567\/revisions\/21572"}],"wp:featuredmedia":[{"embeddable":true,"href":"https:\/\/cnctulua.tv\/index.php?rest_route=\/wp\/v2\/media\/21571"}],"wp:attachment":[{"href":"https:\/\/cnctulua.tv\/index.php?rest_route=%2Fwp%2Fv2%2Fmedia&parent=21567"}],"wp:term":[{"taxonomy":"category","embeddable":true,"href":"https:\/\/cnctulua.tv\/index.php?rest_route=%2Fwp%2Fv2%2Fcategories&post=21567"},{"taxonomy":"post_tag","embeddable":true,"href":"https:\/\/cnctulua.tv\/index.php?rest_route=%2Fwp%2Fv2%2Ftags&post=21567"}],"curies":[{"name":"wp","href":"https:\/\/api.w.org\/{rel}","templated":true}]}}