{"id":21598,"date":"2024-07-24T16:15:58","date_gmt":"2024-07-24T16:15:58","guid":{"rendered":"https:\/\/cnctulua.tv\/?p=21598"},"modified":"2024-07-24T16:16:03","modified_gmt":"2024-07-24T16:16:03","slug":"formacion-y-oportunidades-laborales-para-jovenes-del-valle-del-cauca-abierta-segunda-convocatoria-de-vallemplea","status":"publish","type":"post","link":"https:\/\/cnctulua.tv\/?p=21598","title":{"rendered":"FORMACI\u00d3N Y OPORTUNIDADES LABORALES PARA J\u00d3VENES DEL VALLE DEL CAUCA ABIERTA SEGUNDA CONVOCATORIA DE VALLEMPLEA"},"content":{"rendered":"\n<p>La Gobernaci\u00f3n del Valle del Cauca ha anunciado la apertura de la segunda convocatoria de VALLEmplea, un programa dise\u00f1ado para brindar formaci\u00f3n integral y mejorar las posibilidades de empleabilidad de los j\u00f3venes en la regi\u00f3n.<\/p>\n\n\n\n<p><\/p>\n\n\n\n<figure class=\"wp-block-embed is-type-video is-provider-youtube wp-block-embed-youtube wp-embed-aspect-16-9 wp-has-aspect-ratio\"><div class=\"wp-block-embed__wrapper\">\n<iframe loading=\"lazy\" title=\"VALLEmplea abre segunda convocatoria para j\u00f3venes del Valle del Cauca.\" width=\"640\" height=\"360\" src=\"https:\/\/www.youtube.com\/embed\/mi-jgQr4Zbg?feature=oembed\" frameborder=\"0\" allow=\"accelerometer; autoplay; clipboard-write; encrypted-media; gyroscope; picture-in-picture; web-share\" referrerpolicy=\"strict-origin-when-cross-origin\" allowfullscreen><\/iframe>\n<\/div><\/figure>\n\n\n\n<p>VALLEmplea ampl\u00eda su alcance beneficiando a 2.700 j\u00f3venes, con un incremento desde los 2.000 participantes en la primera intervenci\u00f3n. El programa est\u00e1 enfocado en ofrecer capacitaci\u00f3n en habilidades blandas, formaci\u00f3n en ingl\u00e9s y apoyo psicoemocional, complementando la formaci\u00f3n t\u00e9cnica necesaria para adaptarse a las demandas del mercado laboral actual.<\/p>\n\n\n\n<p>\u00d3scar Eduardo Vivas, secretario de Desarrollo Econ\u00f3mico y Competitividad de Valle, destac\u00f3 la importancia de VALLEmplea como una herramienta crucial para preparar a los j\u00f3venes en carreras que respondan a las necesidades del sector productivo local. \u00abEste programa no solo brinda formaci\u00f3n t\u00e9cnica de alta calidad, sino que tambi\u00e9n prepara a los j\u00f3venes para enfrentar los desaf\u00edos del mercado laboral actual\u00bb, se\u00f1al\u00f3 Vivas.<\/p>\n\n\n\n<p>Para participar, los interesados deben cumplir con requisitos b\u00e1sicos como ser bachiller graduado o haber completado al menos noveno grado en un colegio p\u00fablico o privado, residir en el departamento del Valle del Cauca, contar con acceso a internet y disponer de un computador para el desarrollo de las actividades formativas. Adem\u00e1s, no deben estar matriculados en programas t\u00e9cnicos, tecnol\u00f3gicos o universitarios ni estar empleados al momento de la inscripci\u00f3n.<\/p>\n\n\n\n<p>Las inscripciones est\u00e1n abiertas hasta el 22 de agosto y se realizan exclusivamente a trav\u00e9s del portal web vallemplea.valledelcauca.gov.co. Hasta la fecha, m\u00e1s de 2.000 j\u00f3venes han aprovechado esta oportunidad para fortalecer sus habilidades y aumentar sus posibilidades de inserci\u00f3n laboral en el Valle del Cauca.<\/p>\n","protected":false},"excerpt":{"rendered":"<p>La Gobernaci\u00f3n del Valle del Cauca ha anunciado la apertura de la segunda convocatoria de VALLEmplea, un programa dise\u00f1ado para brindar formaci\u00f3n integral y mejorar las posibilidades de empleabilidad de los j\u00f3venes en la regi\u00f3n. VALLEmplea ampl\u00eda su alcance beneficiando a 2.700 j\u00f3venes, con un incremento desde los 2.000 participantes en la primera intervenci\u00f3n. El [&hellip;]<\/p>\n","protected":false},"author":3,"featured_media":21599,"comment_status":"open","ping_status":"open","sticky":false,"template":"","format":"video","meta":{"footnotes":""},"categories":[1],"tags":[],"class_list":["post-21598","post","type-post","status-publish","format-video","has-post-thumbnail","hentry","category-uncategorized","post_format-post-format-video"],"_links":{"self":[{"href":"https:\/\/cnctulua.tv\/index.php?rest_route=\/wp\/v2\/posts\/21598","targetHints":{"allow":["GET"]}}],"collection":[{"href":"https:\/\/cnctulua.tv\/index.php?rest_route=\/wp\/v2\/posts"}],"about":[{"href":"https:\/\/cnctulua.tv\/index.php?rest_route=\/wp\/v2\/types\/post"}],"author":[{"embeddable":true,"href":"https:\/\/cnctulua.tv\/index.php?rest_route=\/wp\/v2\/users\/3"}],"replies":[{"embeddable":true,"href":"https:\/\/cnctulua.tv\/index.php?rest_route=%2Fwp%2Fv2%2Fcomments&post=21598"}],"version-history":[{"count":1,"href":"https:\/\/cnctulua.tv\/index.php?rest_route=\/wp\/v2\/posts\/21598\/revisions"}],"predecessor-version":[{"id":21600,"href":"https:\/\/cnctulua.tv\/index.php?rest_route=\/wp\/v2\/posts\/21598\/revisions\/21600"}],"wp:featuredmedia":[{"embeddable":true,"href":"https:\/\/cnctulua.tv\/index.php?rest_route=\/wp\/v2\/media\/21599"}],"wp:attachment":[{"href":"https:\/\/cnctulua.tv\/index.php?rest_route=%2Fwp%2Fv2%2Fmedia&parent=21598"}],"wp:term":[{"taxonomy":"category","embeddable":true,"href":"https:\/\/cnctulua.tv\/index.php?rest_route=%2Fwp%2Fv2%2Fcategories&post=21598"},{"taxonomy":"post_tag","embeddable":true,"href":"https:\/\/cnctulua.tv\/index.php?rest_route=%2Fwp%2Fv2%2Ftags&post=21598"}],"curies":[{"name":"wp","href":"https:\/\/api.w.org\/{rel}","templated":true}]}}