{"id":21604,"date":"2024-07-24T17:31:24","date_gmt":"2024-07-24T17:31:24","guid":{"rendered":"https:\/\/cnctulua.tv\/?p=21604"},"modified":"2024-07-24T17:31:29","modified_gmt":"2024-07-24T17:31:29","slug":"desarticulada-banda-criminal-en-cali-los-ls-tras-las-rejas-por-extorsion-y-desplazamiento-forzado","status":"publish","type":"post","link":"https:\/\/cnctulua.tv\/?p=21604","title":{"rendered":"DESARTICULADA BANDA CRIMINAL EN CALI: \u00abLOS LS\u00bb TRAS LAS REJAS POR EXTORSI\u00d3N Y DESPLAZAMIENTO FORZADO."},"content":{"rendered":"\n<p><\/p>\n\n\n\n<p>En una operaci\u00f3n conjunta entre la Polic\u00eda Nacional y la Fiscal\u00eda General de la Naci\u00f3n, ha sido desmantelada una peligrosa banda delincuencial conocida como \u00abLos LS\u00bb o \u00abLos Santos\u00bb en Cali. Esta organizaci\u00f3n estaba implicada en extorsiones, desplazamientos forzados, hurtos y otras actividades criminales.<\/p>\n\n\n\n<figure class=\"wp-block-embed is-type-video is-provider-youtube wp-block-embed-youtube wp-embed-aspect-16-9 wp-has-aspect-ratio\"><div class=\"wp-block-embed__wrapper\">\n<iframe loading=\"lazy\" title=\"Desarticulada banda criminal en Cali por extorsi\u00f3n y otros delitos.\" width=\"640\" height=\"360\" src=\"https:\/\/www.youtube.com\/embed\/8tbQbpSvImY?feature=oembed\" frameborder=\"0\" allow=\"accelerometer; autoplay; clipboard-write; encrypted-media; gyroscope; picture-in-picture; web-share\" referrerpolicy=\"strict-origin-when-cross-origin\" allowfullscreen><\/iframe>\n<\/div><\/figure>\n\n\n\n<p>En una operaci\u00f3n conjunta entre la Polic\u00eda Nacional y la Fiscal\u00eda General de la Naci\u00f3n, ha sido desmantelada una peligrosa banda delincuencial conocida como \u00abLos LS\u00bb o \u00abLos Santos\u00bb en Cali. Esta organizaci\u00f3n estaba implicada en extorsiones, desplazamientos forzados, hurtos y otras actividades criminales.<\/p>\n\n\n\n<p>La operaci\u00f3n incluy\u00f3 cuatro diligencias de allanamiento en los barrios Llano Verde, Rep\u00fablica de Israel y Mojica de la capital del Valle, as\u00ed como una actividad operacional en el departamento de Risaralda. Como resultado, cinco personas fueron capturadas y un adolescente de 16 a\u00f1os fue aprehendido. Todos enfrentan cargos por concierto para delinquir, extorsi\u00f3n agravada, desplazamiento forzado, hurto e instrumentalizaci\u00f3n de menores para la comisi\u00f3n de delitos.<\/p>\n\n\n\n<p>Seg\u00fan las autoridades, durante ocho meses de seguimiento se determin\u00f3 que la banda realizaba exigencias econ\u00f3micas que oscilaban entre los 50 y 300 mil pesos a cambio de no atentar contra la vida e integridad de los residentes del sector. Aquellos que se negaban o no cumpl\u00edan con sus demandas eran objeto de amenazas, agresiones f\u00edsicas, desplazamientos forzados y da\u00f1os a sus propiedades.<\/p>\n\n\n\n<p>Los capturados, conocidos en el bajo mundo como \u2018Willy\u2019, \u2018chico dollar\u2019, \u2018Nicanor\u2019, \u2018garramiel\u2019 y \u2018Miller\u2019 (este \u00faltimo presunto l\u00edder de la organizaci\u00f3n), tienen antecedentes en el sistema judicial colombiano por diversos delitos. En este caso espec\u00edfico, las autoridades han confirmado dos casos de extorsi\u00f3n y un desplazamiento forzado, mientras que contin\u00faan investigando otras ocho denuncias en las que podr\u00edan estar implicados.<\/p>\n\n\n\n<p>Tras las respectivas audiencias, los detenidos fueron puestos a disposici\u00f3n de la Fiscal\u00eda General de la Naci\u00f3n. Un Juez de Control de Garant\u00edas determin\u00f3 medida de aseguramiento intramural para los adultos y detenci\u00f3n preventiva en un centro especializado para el menor de edad.<\/p>\n\n\n\n<p>Este operativo representa un golpe significativo contra la delincuencia organizada en Cali, reafirmando el compromiso de las autoridades en garantizar la seguridad y protecci\u00f3n de los ciudadanos frente a este tipo de actividades criminales.<\/p>\n","protected":false},"excerpt":{"rendered":"<p>En una operaci\u00f3n conjunta entre la Polic\u00eda Nacional y la Fiscal\u00eda General de la Naci\u00f3n, ha sido desmantelada una peligrosa banda delincuencial conocida como \u00abLos LS\u00bb o \u00abLos Santos\u00bb en Cali. Esta organizaci\u00f3n estaba implicada en extorsiones, desplazamientos forzados, hurtos y otras actividades criminales. En una operaci\u00f3n conjunta entre la Polic\u00eda Nacional y la Fiscal\u00eda [&hellip;]<\/p>\n","protected":false},"author":3,"featured_media":21605,"comment_status":"open","ping_status":"open","sticky":false,"template":"","format":"video","meta":{"footnotes":""},"categories":[1],"tags":[],"class_list":["post-21604","post","type-post","status-publish","format-video","has-post-thumbnail","hentry","category-uncategorized","post_format-post-format-video"],"_links":{"self":[{"href":"https:\/\/cnctulua.tv\/index.php?rest_route=\/wp\/v2\/posts\/21604","targetHints":{"allow":["GET"]}}],"collection":[{"href":"https:\/\/cnctulua.tv\/index.php?rest_route=\/wp\/v2\/posts"}],"about":[{"href":"https:\/\/cnctulua.tv\/index.php?rest_route=\/wp\/v2\/types\/post"}],"author":[{"embeddable":true,"href":"https:\/\/cnctulua.tv\/index.php?rest_route=\/wp\/v2\/users\/3"}],"replies":[{"embeddable":true,"href":"https:\/\/cnctulua.tv\/index.php?rest_route=%2Fwp%2Fv2%2Fcomments&post=21604"}],"version-history":[{"count":1,"href":"https:\/\/cnctulua.tv\/index.php?rest_route=\/wp\/v2\/posts\/21604\/revisions"}],"predecessor-version":[{"id":21606,"href":"https:\/\/cnctulua.tv\/index.php?rest_route=\/wp\/v2\/posts\/21604\/revisions\/21606"}],"wp:featuredmedia":[{"embeddable":true,"href":"https:\/\/cnctulua.tv\/index.php?rest_route=\/wp\/v2\/media\/21605"}],"wp:attachment":[{"href":"https:\/\/cnctulua.tv\/index.php?rest_route=%2Fwp%2Fv2%2Fmedia&parent=21604"}],"wp:term":[{"taxonomy":"category","embeddable":true,"href":"https:\/\/cnctulua.tv\/index.php?rest_route=%2Fwp%2Fv2%2Fcategories&post=21604"},{"taxonomy":"post_tag","embeddable":true,"href":"https:\/\/cnctulua.tv\/index.php?rest_route=%2Fwp%2Fv2%2Ftags&post=21604"}],"curies":[{"name":"wp","href":"https:\/\/api.w.org\/{rel}","templated":true}]}}