{"id":21623,"date":"2024-07-24T18:32:17","date_gmt":"2024-07-24T18:32:17","guid":{"rendered":"https:\/\/cnctulua.tv\/?p=21623"},"modified":"2024-07-24T18:32:22","modified_gmt":"2024-07-24T18:32:22","slug":"tulua-se-prepara-para-reactivar-eventos-masivos-tras-levantamiento-de-restricciones","status":"publish","type":"post","link":"https:\/\/cnctulua.tv\/?p=21623","title":{"rendered":"TULU\u00c1 SE PREPARA PARA REACTIVAR EVENTOS MASIVOS TRAS LEVANTAMIENTO DE RESTRICCIONES."},"content":{"rendered":"\n<p><\/p>\n\n\n\n<p>El Secretario de Gobierno de Tulu\u00e1, Jos\u00e9 Mart\u00edn Hincapi\u00e9 \u00c1lvarez, ha confirmado el levantamiento de las restricciones a la expedici\u00f3n de permisos para aglomeraciones masivas. Estas medidas, implementadas hace tres meses como parte de la respuesta a, finalizar\u00e1n el pr\u00f3ximo 31 de julio.<\/p>\n\n\n\n<p><\/p>\n\n\n\n<figure class=\"wp-block-embed is-type-video is-provider-youtube wp-block-embed-youtube wp-embed-aspect-16-9 wp-has-aspect-ratio\"><div class=\"wp-block-embed__wrapper\">\n<iframe loading=\"lazy\" title=\"\u201cRestricciones en Tulu\u00e1 llegan a su fin\u201d: Jos\u00e9 Mart\u00edn Hincapi\u00e9 \u00c1lvarez, Secretario De Gobierno.\" width=\"640\" height=\"360\" src=\"https:\/\/www.youtube.com\/embed\/-AdHi6jO9IU?feature=oembed\" frameborder=\"0\" allow=\"accelerometer; autoplay; clipboard-write; encrypted-media; gyroscope; picture-in-picture; web-share\" referrerpolicy=\"strict-origin-when-cross-origin\" allowfullscreen><\/iframe>\n<\/div><\/figure>\n\n\n\n<p>Hincapi\u00e9 \u00c1lvarez destac\u00f3 que la decisi\u00f3n se basa en evaluaciones exhaustivas realizadas a trav\u00e9s de los consejos de seguridad locales, las cuales han permitido determinar que a partir del primero de agosto se habilitar\u00e1n todas las actividades que involucren aglomeraciones complejas, como conciertos y festivales.<\/p>\n\n\n\n<p>El funcionario hizo hincapi\u00e9 en que todos los eventos deber\u00e1n contar con los permisos y autorizaciones correspondientes, subrayando la importancia de cumplir con las normativas establecidas para garantizar la seguridad y el orden p\u00fablico.<\/p>\n\n\n\n<p>Actualmente, el municipio no cuenta con medidas especiales de restricci\u00f3n de movilidad, aunque se mantendr\u00e1 la vigilancia para adaptar medidas seg\u00fan sea necesario en respuesta a la evoluci\u00f3n de la situaci\u00f3n de orden p\u00fablico.<\/p>\n\n\n\n<p>Hincapi\u00e9 \u00c1lvarez tambi\u00e9n hizo un llamado a los ciudadanos y organizadores de eventos a cumplir estrictamente con los horarios establecidos, especialmente en establecimientos nocturnos como bares y discotecas, con el objetivo de mantener la convivencia y la tranquilidad en la comunidad.<\/p>\n\n\n\n<p>Con el levantamiento de estas restricciones, se espera que Tulu\u00e1 pueda reactivar gradualmente sus actividades sociales y culturales, respetando siempre las normativas sanitarias y de seguridad vigentes.<\/p>\n","protected":false},"excerpt":{"rendered":"<p>El Secretario de Gobierno de Tulu\u00e1, Jos\u00e9 Mart\u00edn Hincapi\u00e9 \u00c1lvarez, ha confirmado el levantamiento de las restricciones a la expedici\u00f3n de permisos para aglomeraciones masivas. Estas medidas, implementadas hace tres meses como parte de la respuesta a, finalizar\u00e1n el pr\u00f3ximo 31 de julio. Hincapi\u00e9 \u00c1lvarez destac\u00f3 que la decisi\u00f3n se basa en evaluaciones exhaustivas realizadas [&hellip;]<\/p>\n","protected":false},"author":3,"featured_media":21624,"comment_status":"open","ping_status":"open","sticky":false,"template":"","format":"video","meta":{"footnotes":""},"categories":[1],"tags":[],"class_list":["post-21623","post","type-post","status-publish","format-video","has-post-thumbnail","hentry","category-uncategorized","post_format-post-format-video"],"_links":{"self":[{"href":"https:\/\/cnctulua.tv\/index.php?rest_route=\/wp\/v2\/posts\/21623","targetHints":{"allow":["GET"]}}],"collection":[{"href":"https:\/\/cnctulua.tv\/index.php?rest_route=\/wp\/v2\/posts"}],"about":[{"href":"https:\/\/cnctulua.tv\/index.php?rest_route=\/wp\/v2\/types\/post"}],"author":[{"embeddable":true,"href":"https:\/\/cnctulua.tv\/index.php?rest_route=\/wp\/v2\/users\/3"}],"replies":[{"embeddable":true,"href":"https:\/\/cnctulua.tv\/index.php?rest_route=%2Fwp%2Fv2%2Fcomments&post=21623"}],"version-history":[{"count":1,"href":"https:\/\/cnctulua.tv\/index.php?rest_route=\/wp\/v2\/posts\/21623\/revisions"}],"predecessor-version":[{"id":21625,"href":"https:\/\/cnctulua.tv\/index.php?rest_route=\/wp\/v2\/posts\/21623\/revisions\/21625"}],"wp:featuredmedia":[{"embeddable":true,"href":"https:\/\/cnctulua.tv\/index.php?rest_route=\/wp\/v2\/media\/21624"}],"wp:attachment":[{"href":"https:\/\/cnctulua.tv\/index.php?rest_route=%2Fwp%2Fv2%2Fmedia&parent=21623"}],"wp:term":[{"taxonomy":"category","embeddable":true,"href":"https:\/\/cnctulua.tv\/index.php?rest_route=%2Fwp%2Fv2%2Fcategories&post=21623"},{"taxonomy":"post_tag","embeddable":true,"href":"https:\/\/cnctulua.tv\/index.php?rest_route=%2Fwp%2Fv2%2Ftags&post=21623"}],"curies":[{"name":"wp","href":"https:\/\/api.w.org\/{rel}","templated":true}]}}