{"id":21633,"date":"2024-07-24T18:55:36","date_gmt":"2024-07-24T18:55:36","guid":{"rendered":"https:\/\/cnctulua.tv\/?p=21633"},"modified":"2024-07-24T18:55:40","modified_gmt":"2024-07-24T18:55:40","slug":"thomas-gutierrez-forjando-un-futuro-brillante-como-director-tecnico-para-el-futbol-de-salon-colombiano","status":"publish","type":"post","link":"https:\/\/cnctulua.tv\/?p=21633","title":{"rendered":"THOMAS GUTI\u00c9RREZ: FORJANDO UN FUTURO BRILLANTE COMO DIRECTOR T\u00c9CNICO PARA EL F\u00daTBOL DE SAL\u00d3N COLOMBIANO."},"content":{"rendered":"\n<p><\/p>\n\n\n\n<p>En un emocionante anuncio para los aficionados al f\u00fatbol de sal\u00f3n, Thomas Guti\u00e9rrez ha sido nombrado el nuevo Director T\u00e9cnico de la Selecci\u00f3n Colombia. En una entrevista exclusiva para nuestra p\u00e1gina web, Guti\u00e9rrez comparti\u00f3 sus sentimientos tras esta designaci\u00f3n hist\u00f3rica:<\/p>\n\n\n\n<p><\/p>\n\n\n\n<figure class=\"wp-block-embed is-type-video is-provider-youtube wp-block-embed-youtube wp-embed-aspect-16-9 wp-has-aspect-ratio\"><div class=\"wp-block-embed__wrapper\">\n<iframe loading=\"lazy\" title=\"Thomas Guti\u00e9rrez, nuevo director t\u00e9cnico de la Selecci\u00f3n Colombia de F\u00fatbol de Sal\u00f3n.\" width=\"640\" height=\"360\" src=\"https:\/\/www.youtube.com\/embed\/HnzzWrSvycU?feature=oembed\" frameborder=\"0\" allow=\"accelerometer; autoplay; clipboard-write; encrypted-media; gyroscope; picture-in-picture; web-share\" referrerpolicy=\"strict-origin-when-cross-origin\" allowfullscreen><\/iframe>\n<\/div><\/figure>\n\n\n\n<p>\u00abEs un fruto de mucho esfuerzo, de mucha dedicaci\u00f3n, de mucho trabajo. Con l\u00e1grimas en los ojos le dec\u00eda a mi madre que fue bastante gratificante porque da cuenta de que todos los esfuerzos, el sacrificio y el amor con los que se hacen las cosas alg\u00fan d\u00eda se dan.\u00bb<\/p>\n\n\n\n<p>Guti\u00e9rrez, quien ha trabajado incansablemente en el \u00e1mbito del f\u00fatbol de sal\u00f3n durante los \u00faltimos ocho a\u00f1os, destac\u00f3 la importancia de este nombramiento para \u00e9l y para la comunidad de Tulu\u00e1, su ciudad natal.<\/p>\n\n\n\n<p>\u00abYo creo que tenemos la obligaci\u00f3n de dejar un papel muy grande. Somos potencia mundial en f\u00fatbol de sal\u00f3n, y tenemos la responsabilidad de ser campeones. Es un privilegio y una obligaci\u00f3n bastante compleja de mucha responsabilidad, lealtad y honestidad.\u00bb<\/p>\n\n\n\n<p>Respecto a la convocatoria de jugadores, Guti\u00e9rrez enfatiz\u00f3 su compromiso con el talento local y el proceso de selecci\u00f3n:<\/p>\n\n\n\n<p>\u00abEn este primer microciclo convoqu\u00e9 a Camilo P\u00e1ramo, Alexis S\u00e1nchez y Juan Diego Viveros. Lo hice por el trabajo y el sacrificio de ellos, por lo que han dado dentro de la cancha y a Tulu\u00e1 en el microf\u00fatbol.\u00bb<\/p>\n\n\n\n<p>El primer microciclo de la Selecci\u00f3n Colombia bajo su direcci\u00f3n se llevar\u00e1 a cabo del 28 al 31 de julio en Tulu\u00e1. Guti\u00e9rrez expres\u00f3 su entusiasmo por este evento deportivo de alto nivel:<\/p>\n\n\n\n\n\n<p>\u00abVamos a tener un microf\u00fatbol de alto nivel y m\u00e1s viendo la Selecci\u00f3n Colombia, donde vamos a estar observando los jugadores que van a jugar para poder escoger los 12 que van a ir a representar nuestro pa\u00eds.\u00bb<\/p>\n\n\n\n<p>El evento, que incluir\u00e1 un hexagonal con equipos destacados como Tulu\u00e1 FS y Campas de Cali, promete ser un hito para la comunidad de Tulu\u00e1 y los amantes del f\u00fatbol de sal\u00f3n. La entrada al Coliseo Benicio Echeverri ser\u00e1 accesible para todos, con el objetivo de llenar las gradas de entusiasmo y apoyo.<\/p>\n\n\n\n<p>Con este nuevo liderazgo, Thomas Guti\u00e9rrez se prepara para llevar a la Selecci\u00f3n Colombia a nuevas alturas en el pr\u00f3ximo Mundial, confiando en el potencial y la determinaci\u00f3n de sus jugadores locales y nacionales.<\/p>\n","protected":false},"excerpt":{"rendered":"<p>En un emocionante anuncio para los aficionados al f\u00fatbol de sal\u00f3n, Thomas Guti\u00e9rrez ha sido nombrado el nuevo Director T\u00e9cnico de la Selecci\u00f3n Colombia. En una entrevista exclusiva para nuestra p\u00e1gina web, Guti\u00e9rrez comparti\u00f3 sus sentimientos tras esta designaci\u00f3n hist\u00f3rica: \u00abEs un fruto de mucho esfuerzo, de mucha dedicaci\u00f3n, de mucho trabajo. Con l\u00e1grimas en [&hellip;]<\/p>\n","protected":false},"author":3,"featured_media":21634,"comment_status":"open","ping_status":"open","sticky":false,"template":"","format":"video","meta":{"footnotes":""},"categories":[1],"tags":[],"class_list":["post-21633","post","type-post","status-publish","format-video","has-post-thumbnail","hentry","category-uncategorized","post_format-post-format-video"],"_links":{"self":[{"href":"https:\/\/cnctulua.tv\/index.php?rest_route=\/wp\/v2\/posts\/21633","targetHints":{"allow":["GET"]}}],"collection":[{"href":"https:\/\/cnctulua.tv\/index.php?rest_route=\/wp\/v2\/posts"}],"about":[{"href":"https:\/\/cnctulua.tv\/index.php?rest_route=\/wp\/v2\/types\/post"}],"author":[{"embeddable":true,"href":"https:\/\/cnctulua.tv\/index.php?rest_route=\/wp\/v2\/users\/3"}],"replies":[{"embeddable":true,"href":"https:\/\/cnctulua.tv\/index.php?rest_route=%2Fwp%2Fv2%2Fcomments&post=21633"}],"version-history":[{"count":2,"href":"https:\/\/cnctulua.tv\/index.php?rest_route=\/wp\/v2\/posts\/21633\/revisions"}],"predecessor-version":[{"id":21637,"href":"https:\/\/cnctulua.tv\/index.php?rest_route=\/wp\/v2\/posts\/21633\/revisions\/21637"}],"wp:featuredmedia":[{"embeddable":true,"href":"https:\/\/cnctulua.tv\/index.php?rest_route=\/wp\/v2\/media\/21634"}],"wp:attachment":[{"href":"https:\/\/cnctulua.tv\/index.php?rest_route=%2Fwp%2Fv2%2Fmedia&parent=21633"}],"wp:term":[{"taxonomy":"category","embeddable":true,"href":"https:\/\/cnctulua.tv\/index.php?rest_route=%2Fwp%2Fv2%2Fcategories&post=21633"},{"taxonomy":"post_tag","embeddable":true,"href":"https:\/\/cnctulua.tv\/index.php?rest_route=%2Fwp%2Fv2%2Ftags&post=21633"}],"curies":[{"name":"wp","href":"https:\/\/api.w.org\/{rel}","templated":true}]}}