{"id":21727,"date":"2024-07-26T15:35:50","date_gmt":"2024-07-26T15:35:50","guid":{"rendered":"https:\/\/cnctulua.tv\/?p=21727"},"modified":"2024-07-26T15:35:54","modified_gmt":"2024-07-26T15:35:54","slug":"tulua-se-prepara-para-recibir-el-primer-microciclo-de-la-seleccion-colombia-de-futbol-de-salon","status":"publish","type":"post","link":"https:\/\/cnctulua.tv\/?p=21727","title":{"rendered":"TULU\u00c1 SE PREPARA PARA RECIBIR EL PRIMER MICROCICLO DE LA SELECCI\u00d3N COLOMBIA DE F\u00daTBOL DE SAL\u00d3N."},"content":{"rendered":"\n<p><\/p>\n\n\n\n<p>En los pr\u00f3ximos d\u00edas, la ciudad de Tulu\u00e1, en el departamento del Valle del Cauca, se convertir\u00e1 en el epicentro del f\u00fatbol de sal\u00f3n nacional al recibir el primer microciclo de la Selecci\u00f3n Colombia. Este evento deportivo, programado del 28 al 31 de julio en el Coliseo Benicio Echeverri, promete reunir a los mejores jugadores del pa\u00eds en una intensa competencia.<\/p>\n\n\n\n<p><\/p>\n\n\n\n<figure class=\"wp-block-embed is-type-video is-provider-youtube wp-block-embed-youtube wp-embed-aspect-16-9 wp-has-aspect-ratio\"><div class=\"wp-block-embed__wrapper\">\n<iframe loading=\"lazy\" title=\"Inicia el primer microciclo de la Selecci\u00f3n Colombia de f\u00fatbol de sal\u00f3n en Tulu\u00e1.\" width=\"640\" height=\"360\" src=\"https:\/\/www.youtube.com\/embed\/n4fhesY_nBg?feature=oembed\" frameborder=\"0\" allow=\"accelerometer; autoplay; clipboard-write; encrypted-media; gyroscope; picture-in-picture; web-share\" referrerpolicy=\"strict-origin-when-cross-origin\" allowfullscreen><\/iframe>\n<\/div><\/figure>\n\n\n\n<p>El director t\u00e9cnico de la Selecci\u00f3n Colombia de F\u00fatbol de Sal\u00f3n, Thomas Guti\u00e9rrez, ha expresado su entusiasmo por esta oportunidad \u00fanica para Tulu\u00e1. \u00abEs un honor para nosotros iniciar este ciclo de preparaci\u00f3n en una ciudad con tanto fervor por el deporte. Queremos mostrarle al pa\u00eds el talento y la pasi\u00f3n que aqu\u00ed se vive por el f\u00fatbol de sal\u00f3n\u00bb, coment\u00f3 Guti\u00e9rrez.<\/p>\n\n\n\n<p>El microciclo contar\u00e1 con la participaci\u00f3n de 22 jugadores convocados, quienes ser\u00e1n divididos en dos grupos para enfrentarse en un formato de hexagonal. Equipos destacados como el Tula F.S. de Manizales y Campas de Cali competir\u00e1n junto a un representante local de Tulu\u00e1, reconocido por su trayectoria en los torneos municipales.<\/p>\n\n\n\n<p>Para fomentar la asistencia del p\u00fablico, se ha establecido un costo accesible de entrada y se espera una gran afluencia de espectadores, especialmente j\u00f3venes y familias interesadas en presenciar el espect\u00e1culo deportivo. Adem\u00e1s, se ofrecer\u00e1 entrada gratuita para ni\u00f1os como parte del esfuerzo por promover el deporte desde edades tempranas.<\/p>\n\n\n\n<p>\u00abEste evento no solo ser\u00e1 una oportunidad para evaluar a nuestros jugadores de cara a futuras competencias internacionales, sino tambi\u00e9n para celebrar la uni\u00f3n y el esp\u00edritu deportivo que caracterizan a Tulu\u00e1\u00bb, agreg\u00f3 Guti\u00e9rrez.<\/p>\n\n\n\n<p>Con este microciclo, Tulu\u00e1 se posiciona como un destino clave para el desarrollo y la promoci\u00f3n del f\u00fatbol de sal\u00f3n en Colombia, reforzando su reputaci\u00f3n como un epicentro deportivo din\u00e1mico y acogedor.<\/p>\n","protected":false},"excerpt":{"rendered":"<p>En los pr\u00f3ximos d\u00edas, la ciudad de Tulu\u00e1, en el departamento del Valle del Cauca, se convertir\u00e1 en el epicentro del f\u00fatbol de sal\u00f3n nacional al recibir el primer microciclo de la Selecci\u00f3n Colombia. Este evento deportivo, programado del 28 al 31 de julio en el Coliseo Benicio Echeverri, promete reunir a los mejores jugadores [&hellip;]<\/p>\n","protected":false},"author":3,"featured_media":21728,"comment_status":"open","ping_status":"open","sticky":false,"template":"","format":"video","meta":{"footnotes":""},"categories":[1],"tags":[],"class_list":["post-21727","post","type-post","status-publish","format-video","has-post-thumbnail","hentry","category-uncategorized","post_format-post-format-video"],"_links":{"self":[{"href":"https:\/\/cnctulua.tv\/index.php?rest_route=\/wp\/v2\/posts\/21727","targetHints":{"allow":["GET"]}}],"collection":[{"href":"https:\/\/cnctulua.tv\/index.php?rest_route=\/wp\/v2\/posts"}],"about":[{"href":"https:\/\/cnctulua.tv\/index.php?rest_route=\/wp\/v2\/types\/post"}],"author":[{"embeddable":true,"href":"https:\/\/cnctulua.tv\/index.php?rest_route=\/wp\/v2\/users\/3"}],"replies":[{"embeddable":true,"href":"https:\/\/cnctulua.tv\/index.php?rest_route=%2Fwp%2Fv2%2Fcomments&post=21727"}],"version-history":[{"count":1,"href":"https:\/\/cnctulua.tv\/index.php?rest_route=\/wp\/v2\/posts\/21727\/revisions"}],"predecessor-version":[{"id":21729,"href":"https:\/\/cnctulua.tv\/index.php?rest_route=\/wp\/v2\/posts\/21727\/revisions\/21729"}],"wp:featuredmedia":[{"embeddable":true,"href":"https:\/\/cnctulua.tv\/index.php?rest_route=\/wp\/v2\/media\/21728"}],"wp:attachment":[{"href":"https:\/\/cnctulua.tv\/index.php?rest_route=%2Fwp%2Fv2%2Fmedia&parent=21727"}],"wp:term":[{"taxonomy":"category","embeddable":true,"href":"https:\/\/cnctulua.tv\/index.php?rest_route=%2Fwp%2Fv2%2Fcategories&post=21727"},{"taxonomy":"post_tag","embeddable":true,"href":"https:\/\/cnctulua.tv\/index.php?rest_route=%2Fwp%2Fv2%2Ftags&post=21727"}],"curies":[{"name":"wp","href":"https:\/\/api.w.org\/{rel}","templated":true}]}}