{"id":21749,"date":"2024-07-26T17:37:15","date_gmt":"2024-07-26T17:37:15","guid":{"rendered":"https:\/\/cnctulua.tv\/?p=21749"},"modified":"2024-07-26T17:37:24","modified_gmt":"2024-07-26T17:37:24","slug":"enfrentamiento-armado-deja-tres-victimas-en-la-zona-rural-de-tulua-comandante-del-departamento-de-policia-valle","status":"publish","type":"post","link":"https:\/\/cnctulua.tv\/?p=21749","title":{"rendered":"\u201cENFRENTAMIENTO ARMADO DEJA TRES V\u00cdCTIMAS EN LA ZONA RURAL DE TULU\u00c1\u201d: COMANDANTE DEL DEPARTAMENTO DE POLIC\u00cdA VALLE."},"content":{"rendered":"\n<p><\/p>\n\n\n\n<p>El jueves por la tarde, la zona rural del corregimiento de La Marina, en el municipio de Tulu\u00e1, fue escenario de un violento enfrentamiento entre grupos armados organizados, que dej\u00f3 un saldo tr\u00e1gico de tres v\u00edctimas fatales. El Coronel Giovanni Cristancho, Comandante del Departamento de Polic\u00eda Valle, lament\u00f3 profundamente los eventos y destac\u00f3 la gravedad de la situaci\u00f3n.<\/p>\n\n\n\n<p>En un comunicado oficial, el Coronel Cristancho declar\u00f3: \u201cLamentamos profundamente estas p\u00e9rdidas y estamos trabajando con determinaci\u00f3n para garantizar la tranquilidad y la seguridad en la zona.\u201d Las v\u00edctimas identificadas son H\u00e9ctor Fabio Henao Arias, quien fue asesinado con arma de fuego en la vereda El Brillante; Jorge Eliezer Arias Londo\u00f1o, ultimado en la vereda Alto del Oso; y Orlando Terranova, muerto en la vereda La Moralia.<\/p>\n\n\n\n<p><\/p>\n\n\n\n<figure class=\"wp-block-embed is-type-video is-provider-youtube wp-block-embed-youtube wp-embed-aspect-16-9 wp-has-aspect-ratio\"><div class=\"wp-block-embed__wrapper\">\n<iframe loading=\"lazy\" title=\"Tres V\u00edctimas del Conflicto Armado: Deja enfrentamiento en zona rural de Tulu\u00e1.\" width=\"640\" height=\"360\" src=\"https:\/\/www.youtube.com\/embed\/gvBTXU2Sv2g?feature=oembed\" frameborder=\"0\" allow=\"accelerometer; autoplay; clipboard-write; encrypted-media; gyroscope; picture-in-picture; web-share\" referrerpolicy=\"strict-origin-when-cross-origin\" allowfullscreen><\/iframe>\n<\/div><\/figure>\n\n\n\n<p>El enfrentamiento entre el Frente 57 y la guerrilla del ELN desat\u00f3 la violencia que result\u00f3 en estas muertes. Ante esta situaci\u00f3n, tanto el Ej\u00e9rcito Nacional como la Polic\u00eda han movilizado recursos para abordar el conflicto. \u201cEl Departamento de Polic\u00eda Valle y el Ej\u00e9rcito Nacional est\u00e1n trasladando sus capacidades para iniciar las debidas investigaciones y restablecer la seguridad en la regi\u00f3n,\u201d indic\u00f3 el Coronel Cristancho.<\/p>\n\n\n\n<p>Las autoridades est\u00e1n comprometidas en esclarecer los hechos y devolver la estabilidad a las \u00e1reas afectadas. La comunidad y las instituciones se mantienen alertas, esperando que las medidas implementadas contribuyan a la paz y la seguridad en la zona.<\/p>\n","protected":false},"excerpt":{"rendered":"<p>El jueves por la tarde, la zona rural del corregimiento de La Marina, en el municipio de Tulu\u00e1, fue escenario de un violento enfrentamiento entre grupos armados organizados, que dej\u00f3 un saldo tr\u00e1gico de tres v\u00edctimas fatales. El Coronel Giovanni Cristancho, Comandante del Departamento de Polic\u00eda Valle, lament\u00f3 profundamente los eventos y destac\u00f3 la gravedad [&hellip;]<\/p>\n","protected":false},"author":3,"featured_media":21750,"comment_status":"open","ping_status":"open","sticky":false,"template":"","format":"video","meta":{"footnotes":""},"categories":[1],"tags":[],"class_list":["post-21749","post","type-post","status-publish","format-video","has-post-thumbnail","hentry","category-uncategorized","post_format-post-format-video"],"_links":{"self":[{"href":"https:\/\/cnctulua.tv\/index.php?rest_route=\/wp\/v2\/posts\/21749","targetHints":{"allow":["GET"]}}],"collection":[{"href":"https:\/\/cnctulua.tv\/index.php?rest_route=\/wp\/v2\/posts"}],"about":[{"href":"https:\/\/cnctulua.tv\/index.php?rest_route=\/wp\/v2\/types\/post"}],"author":[{"embeddable":true,"href":"https:\/\/cnctulua.tv\/index.php?rest_route=\/wp\/v2\/users\/3"}],"replies":[{"embeddable":true,"href":"https:\/\/cnctulua.tv\/index.php?rest_route=%2Fwp%2Fv2%2Fcomments&post=21749"}],"version-history":[{"count":1,"href":"https:\/\/cnctulua.tv\/index.php?rest_route=\/wp\/v2\/posts\/21749\/revisions"}],"predecessor-version":[{"id":21751,"href":"https:\/\/cnctulua.tv\/index.php?rest_route=\/wp\/v2\/posts\/21749\/revisions\/21751"}],"wp:featuredmedia":[{"embeddable":true,"href":"https:\/\/cnctulua.tv\/index.php?rest_route=\/wp\/v2\/media\/21750"}],"wp:attachment":[{"href":"https:\/\/cnctulua.tv\/index.php?rest_route=%2Fwp%2Fv2%2Fmedia&parent=21749"}],"wp:term":[{"taxonomy":"category","embeddable":true,"href":"https:\/\/cnctulua.tv\/index.php?rest_route=%2Fwp%2Fv2%2Fcategories&post=21749"},{"taxonomy":"post_tag","embeddable":true,"href":"https:\/\/cnctulua.tv\/index.php?rest_route=%2Fwp%2Fv2%2Ftags&post=21749"}],"curies":[{"name":"wp","href":"https:\/\/api.w.org\/{rel}","templated":true}]}}