{"id":21779,"date":"2024-07-26T20:00:20","date_gmt":"2024-07-26T20:00:20","guid":{"rendered":"https:\/\/cnctulua.tv\/?p=21779"},"modified":"2024-07-26T20:00:24","modified_gmt":"2024-07-26T20:00:24","slug":"secretaria-de-salud-del-valle-del-cauca-destaco-la-importancia-participar-en-la-tercera-jornada-nacional-de-vacunacion","status":"publish","type":"post","link":"https:\/\/cnctulua.tv\/?p=21779","title":{"rendered":"SECRETARIA DE SALUD DEL VALLE DEL CAUCA: DESTAC\u00d3 LA IMPORTANCIA PARTICIPAR EN LA TERCERA JORNADA NACIONAL DE VACUNACI\u00d3N."},"content":{"rendered":"\n<p>Este s\u00e1bado 27 de julio, el Valle del Cauca se unir\u00e1 a la tercera Jornada Nacional de Vacunaci\u00f3n, una estrategia que busca fortalecer la inmunizaci\u00f3n en toda la poblaci\u00f3n. La jornada est\u00e1 dirigida a ni\u00f1os, j\u00f3venes, adultos y personas mayores, con el objetivo de actualizar los carn\u00e9s de vacunaci\u00f3n y proteger a los ciudadanos contra enfermedades como la influenza.<\/p>\n\n\n\n<p><\/p>\n\n\n\n<figure class=\"wp-block-embed is-type-video is-provider-youtube wp-block-embed-youtube wp-embed-aspect-16-9 wp-has-aspect-ratio\"><div class=\"wp-block-embed__wrapper\">\n<iframe loading=\"lazy\" title=\"El Valle del Cauca participar\u00e1 en la tercera jornada de vacunaci\u00f3n nacional.\" width=\"640\" height=\"360\" src=\"https:\/\/www.youtube.com\/embed\/auXsY9AghPc?feature=oembed\" frameborder=\"0\" allow=\"accelerometer; autoplay; clipboard-write; encrypted-media; gyroscope; picture-in-picture; web-share\" referrerpolicy=\"strict-origin-when-cross-origin\" allowfullscreen><\/iframe>\n<\/div><\/figure>\n\n\n\n<p>Mar\u00eda Cristina Lesmes, Secretaria de Salud del Valle del Cauca, destac\u00f3 la importancia de esta campa\u00f1a. \u201cLa vacunaci\u00f3n es crucial para mejorar nuestras coberturas. En esta jornada, nos enfocaremos en ni\u00f1os de 9 a 14 a\u00f1os para que reciban la vacuna contra el virus del papiloma humano, que puede causar c\u00e1ncer. Adem\u00e1s, recordamos a los adultos mayores la necesidad de recibir las vacunas contra el COVID-19 y la influenza. Tambi\u00e9n invitamos a los padres a revisar y actualizar los carn\u00e9s de vacunaci\u00f3n de sus hijos\u201d, se\u00f1al\u00f3 Lesmes.<\/p>\n\n\n\n<p>La jornada tambi\u00e9n incluir\u00e1 una campa\u00f1a de salud oral, que forma parte de la iniciativa \u201cSoy M\u00e1s Sonriente\u201d. Se aplicar\u00e1 fl\u00faor a los ni\u00f1os para prevenir la caries y promover una mejor salud dental.<\/p>\n\n\n\n<p>Los interesados en participar deben acudir a uno de los puntos de vacunaci\u00f3n autorizados, llevando su carn\u00e9 de vacunaci\u00f3n y documento de identidad. En el caso de los menores de edad, deber\u00e1n asistir acompa\u00f1ados por un adulto responsable.<\/p>\n\n\n\n<p>La participaci\u00f3n en esta jornada es una oportunidad esencial para garantizar la protecci\u00f3n y el bienestar de la comunidad, asegurando una mayor cobertura y prevenci\u00f3n de enfermedades en el Valle del Cauca.<\/p>\n","protected":false},"excerpt":{"rendered":"<p>Este s\u00e1bado 27 de julio, el Valle del Cauca se unir\u00e1 a la tercera Jornada Nacional de Vacunaci\u00f3n, una estrategia que busca fortalecer la inmunizaci\u00f3n en toda la poblaci\u00f3n. La jornada est\u00e1 dirigida a ni\u00f1os, j\u00f3venes, adultos y personas mayores, con el objetivo de actualizar los carn\u00e9s de vacunaci\u00f3n y proteger a los ciudadanos contra [&hellip;]<\/p>\n","protected":false},"author":3,"featured_media":21780,"comment_status":"open","ping_status":"open","sticky":false,"template":"","format":"video","meta":{"footnotes":""},"categories":[1],"tags":[],"class_list":["post-21779","post","type-post","status-publish","format-video","has-post-thumbnail","hentry","category-uncategorized","post_format-post-format-video"],"_links":{"self":[{"href":"https:\/\/cnctulua.tv\/index.php?rest_route=\/wp\/v2\/posts\/21779","targetHints":{"allow":["GET"]}}],"collection":[{"href":"https:\/\/cnctulua.tv\/index.php?rest_route=\/wp\/v2\/posts"}],"about":[{"href":"https:\/\/cnctulua.tv\/index.php?rest_route=\/wp\/v2\/types\/post"}],"author":[{"embeddable":true,"href":"https:\/\/cnctulua.tv\/index.php?rest_route=\/wp\/v2\/users\/3"}],"replies":[{"embeddable":true,"href":"https:\/\/cnctulua.tv\/index.php?rest_route=%2Fwp%2Fv2%2Fcomments&post=21779"}],"version-history":[{"count":2,"href":"https:\/\/cnctulua.tv\/index.php?rest_route=\/wp\/v2\/posts\/21779\/revisions"}],"predecessor-version":[{"id":21782,"href":"https:\/\/cnctulua.tv\/index.php?rest_route=\/wp\/v2\/posts\/21779\/revisions\/21782"}],"wp:featuredmedia":[{"embeddable":true,"href":"https:\/\/cnctulua.tv\/index.php?rest_route=\/wp\/v2\/media\/21780"}],"wp:attachment":[{"href":"https:\/\/cnctulua.tv\/index.php?rest_route=%2Fwp%2Fv2%2Fmedia&parent=21779"}],"wp:term":[{"taxonomy":"category","embeddable":true,"href":"https:\/\/cnctulua.tv\/index.php?rest_route=%2Fwp%2Fv2%2Fcategories&post=21779"},{"taxonomy":"post_tag","embeddable":true,"href":"https:\/\/cnctulua.tv\/index.php?rest_route=%2Fwp%2Fv2%2Ftags&post=21779"}],"curies":[{"name":"wp","href":"https:\/\/api.w.org\/{rel}","templated":true}]}}