{"id":21903,"date":"2024-07-30T18:23:49","date_gmt":"2024-07-30T18:23:49","guid":{"rendered":"https:\/\/cnctulua.tv\/?p=21903"},"modified":"2024-07-30T18:23:53","modified_gmt":"2024-07-30T18:23:53","slug":"gobernacion-del-valle-del-cauca-avanza-en-descentralizacion-de-seguridad-y-oferta-social-en-jamundi","status":"publish","type":"post","link":"https:\/\/cnctulua.tv\/?p=21903","title":{"rendered":"GOBERNACI\u00d3N DEL VALLE DEL CAUCA AVANZA EN DESCENTRALIZACI\u00d3N DE SEGURIDAD Y OFERTA SOCIAL EN JAMUND\u00cd."},"content":{"rendered":"\n<p>La Gobernaci\u00f3n del Valle del Cauca ha dado pasos significativos en la descentralizaci\u00f3n de la seguridad y en el fortalecimiento de la oferta social para la zona alta de Jamund\u00ed. Esta iniciativa se ha concretado mediante mesas de trabajo con comunidades campesinas e ind\u00edgenas, abordando una variedad de compromisos clave.<\/p>\n\n\n\n<p><\/p>\n\n\n\n<figure class=\"wp-block-embed is-type-video is-provider-youtube wp-block-embed-youtube wp-embed-aspect-16-9 wp-has-aspect-ratio\"><div class=\"wp-block-embed__wrapper\">\n<iframe loading=\"lazy\" title=\"Avances en la descentralizaci\u00f3n de seguridad y oferta social en la zona alta de Jamund\u00ed.\" width=\"640\" height=\"360\" src=\"https:\/\/www.youtube.com\/embed\/5FmJXUAe7Ls?feature=oembed\" frameborder=\"0\" allow=\"accelerometer; autoplay; clipboard-write; encrypted-media; gyroscope; picture-in-picture; web-share\" referrerpolicy=\"strict-origin-when-cross-origin\" allowfullscreen><\/iframe>\n<\/div><\/figure>\n\n\n\n<p>Durante el \u00faltimo taller de prueba piloto, Ana Mar\u00eda Sanclemente, secretaria de Convivencia y Seguridad Ciudadana, destac\u00f3 los avances alcanzados. \u201cHemos tenido progresos notables en los compromisos adquiridos para llevar la oferta social a la regi\u00f3n. Las Secretar\u00edas de Infraestructura, Cultura, Desarrollo Social e Inciva han participado activamente. Se han planteado propuestas para el mantenimiento de v\u00edas rurales, as\u00ed como la incorporaci\u00f3n de gestores en las \u00e1reas de convivencia, ambientales y culturales. El objetivo es integrar a las comunidades en estos programas\u201d, se\u00f1al\u00f3 Sanclemente.<\/p>\n\n\n\n<p>Entre los compromisos acordados se incluye la asignaci\u00f3n de volquetas para la mejora de las v\u00edas rurales, la contrataci\u00f3n de seis gestores en las \u00e1reas mencionadas, y la implementaci\u00f3n de talleres dirigidos a ni\u00f1os, ni\u00f1as y adolescentes a trav\u00e9s de la plataforma Kitea. Adem\u00e1s, se han dise\u00f1ado proyectos productivos agr\u00edcolas orientados a la sustituci\u00f3n de cultivos il\u00edcitos.<\/p>\n\n\n\n<p>Los proyectos productivos tienen como objetivo fomentar una econom\u00eda l\u00edcita en el territorio. La Gobernaci\u00f3n del Valle brindar\u00e1 apoyo t\u00e9cnico y financiero a los agricultores locales para el desarrollo de cultivos como el pl\u00e1tano guayabo y el cacao. \u201cLa Gobernadora ha enfatizado que estos proyectos deben ser construidos en conjunto con las comunidades, no impuestos, para asegurar los mejores resultados posibles\u201d, a\u00f1adi\u00f3 Sanclemente.<\/p>\n\n\n\n<p>Las mesas de trabajo re\u00fanen a comunidades \u00e9tnicas, incluyendo tres comunidades ind\u00edgenas con cabildos y resguardos que representan aproximadamente 500 familias, as\u00ed como a campesinos que suman m\u00e1s de 2.500 familias. Este esfuerzo conjunto entre la Gobernaci\u00f3n del Valle y la Alcald\u00eda de Jamund\u00ed busca asegurar que las iniciativas respondan a las necesidades y expectativas de las comunidades locales, promoviendo un desarrollo m\u00e1s equitativo y sostenible en la regi\u00f3n.<\/p>\n","protected":false},"excerpt":{"rendered":"<p>La Gobernaci\u00f3n del Valle del Cauca ha dado pasos significativos en la descentralizaci\u00f3n de la seguridad y en el fortalecimiento de la oferta social para la zona alta de Jamund\u00ed. Esta iniciativa se ha concretado mediante mesas de trabajo con comunidades campesinas e ind\u00edgenas, abordando una variedad de compromisos clave. Durante el \u00faltimo taller de [&hellip;]<\/p>\n","protected":false},"author":3,"featured_media":21904,"comment_status":"open","ping_status":"open","sticky":false,"template":"","format":"video","meta":{"footnotes":""},"categories":[1],"tags":[],"class_list":["post-21903","post","type-post","status-publish","format-video","has-post-thumbnail","hentry","category-uncategorized","post_format-post-format-video"],"_links":{"self":[{"href":"https:\/\/cnctulua.tv\/index.php?rest_route=\/wp\/v2\/posts\/21903","targetHints":{"allow":["GET"]}}],"collection":[{"href":"https:\/\/cnctulua.tv\/index.php?rest_route=\/wp\/v2\/posts"}],"about":[{"href":"https:\/\/cnctulua.tv\/index.php?rest_route=\/wp\/v2\/types\/post"}],"author":[{"embeddable":true,"href":"https:\/\/cnctulua.tv\/index.php?rest_route=\/wp\/v2\/users\/3"}],"replies":[{"embeddable":true,"href":"https:\/\/cnctulua.tv\/index.php?rest_route=%2Fwp%2Fv2%2Fcomments&post=21903"}],"version-history":[{"count":1,"href":"https:\/\/cnctulua.tv\/index.php?rest_route=\/wp\/v2\/posts\/21903\/revisions"}],"predecessor-version":[{"id":21905,"href":"https:\/\/cnctulua.tv\/index.php?rest_route=\/wp\/v2\/posts\/21903\/revisions\/21905"}],"wp:featuredmedia":[{"embeddable":true,"href":"https:\/\/cnctulua.tv\/index.php?rest_route=\/wp\/v2\/media\/21904"}],"wp:attachment":[{"href":"https:\/\/cnctulua.tv\/index.php?rest_route=%2Fwp%2Fv2%2Fmedia&parent=21903"}],"wp:term":[{"taxonomy":"category","embeddable":true,"href":"https:\/\/cnctulua.tv\/index.php?rest_route=%2Fwp%2Fv2%2Fcategories&post=21903"},{"taxonomy":"post_tag","embeddable":true,"href":"https:\/\/cnctulua.tv\/index.php?rest_route=%2Fwp%2Fv2%2Ftags&post=21903"}],"curies":[{"name":"wp","href":"https:\/\/api.w.org\/{rel}","templated":true}]}}