{"id":21958,"date":"2024-07-31T17:19:15","date_gmt":"2024-07-31T17:19:15","guid":{"rendered":"https:\/\/cnctulua.tv\/?p=21958"},"modified":"2024-07-31T17:19:20","modified_gmt":"2024-07-31T17:19:20","slug":"captura-de-cabecilla-de-disidencias-de-las-farc-desmantela-estructura-criminal-en-cali","status":"publish","type":"post","link":"https:\/\/cnctulua.tv\/?p=21958","title":{"rendered":"CAPTURA DE CABECILLA DE DISIDENCIAS DE LAS FARC: DESMANTELA ESTRUCTURA CRIMINAL EN CALI."},"content":{"rendered":"\n<p>Un importante golpe al crimen organizado en Cali se concret\u00f3 la captura de Armando Riascos Angulo, conocido en el mundo delictivo como alias \u2018Tura\u2019. Este individuo, quien ocupaba el cargo de segundo cabecilla de la estructura urbana \u2018Manuel Cepeda Vargas\u2019 de las disidencias de las FARC, ha sido arrestado tras una serie de operaciones coordinadas por las autoridades.<\/p>\n\n\n\n<p><\/p>\n\n\n\n<figure class=\"wp-block-embed is-provider-youtube wp-block-embed-youtube\"><div class=\"wp-block-embed__wrapper\">\nhttps:\/\/youtu.be\/6HzfNqHwNCk\n<\/div><\/figure>\n\n\n\n<p>El Coronel Carlos Oviedo Lamprea, Comandante de la Polic\u00eda Metropolitana de Cali, confirm\u00f3 que Riascos Angulo ten\u00eda un extenso historial criminal, que incluye homicidio, concierto para delinquir y porte ilegal de armas. Adem\u00e1s, se le se\u00f1ala como presunto responsable de la coordinaci\u00f3n del ataque terrorista contra el Cant\u00f3n Militar Pichincha en la ciudad. Seg\u00fan las investigaciones, &#8216;Tura&#8217; fue quien activ\u00f3 los artefactos explosivos utilizados en dicho ataque y tambi\u00e9n est\u00e1 vinculado con la preparaci\u00f3n y orden de acciones ofensivas contra la fuerza p\u00fablica y la poblaci\u00f3n civil.<\/p>\n\n\n\n<p>En el marco de las mismas operaciones, alias \u2018Camila\u2019 fue detenida en un allanamiento adicional. Durante la operaci\u00f3n, las autoridades incautaron prendas de uso exclusivo de las Fuerzas Militares, propaganda relacionada con las disidencias de las FARC y otros materiales. Alias \u2018Camila\u2019 se encargaba de difundir propaganda de estas estructuras ilegales en entornos universitarios.<\/p>\n\n\n\n<p>Ana Mar\u00eda Sanclemente, Secretaria de Seguridad del Valle, destac\u00f3 la importancia de estas capturas para la seguridad de la regi\u00f3n. \u201cEsta operaci\u00f3n ha permitido que todos los presuntos responsables de los recientes ataques terroristas en Cali est\u00e9n ahora en manos de la justicia\u201d, afirm\u00f3 la funcionaria.<\/p>\n\n\n\n<p>Sanclemente tambi\u00e9n subray\u00f3 el impacto positivo de la colaboraci\u00f3n entre diferentes instituciones: \u201cEste trabajo articulado e interagencial no solo ha permitido prevenir m\u00e1s atentados, sino que tambi\u00e9n ha contribuido a evitar extorsiones que afectan a los empresarios del Valle del Cauca y de Cali\u201d.<\/p>\n\n\n\n<p>Las autoridades contin\u00faan con sus esfuerzos para mantener la seguridad y el orden en la regi\u00f3n, y han reiterado su compromiso de seguir combatiendo las estructuras criminales que ponen en riesgo a la comunidad.<\/p>\n","protected":false},"excerpt":{"rendered":"<p>Un importante golpe al crimen organizado en Cali se concret\u00f3 la captura de Armando Riascos Angulo, conocido en el mundo delictivo como alias \u2018Tura\u2019. Este individuo, quien ocupaba el cargo de segundo cabecilla de la estructura urbana \u2018Manuel Cepeda Vargas\u2019 de las disidencias de las FARC, ha sido arrestado tras una serie de operaciones coordinadas [&hellip;]<\/p>\n","protected":false},"author":3,"featured_media":21959,"comment_status":"open","ping_status":"open","sticky":false,"template":"","format":"video","meta":{"footnotes":""},"categories":[1],"tags":[],"class_list":["post-21958","post","type-post","status-publish","format-video","has-post-thumbnail","hentry","category-uncategorized","post_format-post-format-video"],"_links":{"self":[{"href":"https:\/\/cnctulua.tv\/index.php?rest_route=\/wp\/v2\/posts\/21958","targetHints":{"allow":["GET"]}}],"collection":[{"href":"https:\/\/cnctulua.tv\/index.php?rest_route=\/wp\/v2\/posts"}],"about":[{"href":"https:\/\/cnctulua.tv\/index.php?rest_route=\/wp\/v2\/types\/post"}],"author":[{"embeddable":true,"href":"https:\/\/cnctulua.tv\/index.php?rest_route=\/wp\/v2\/users\/3"}],"replies":[{"embeddable":true,"href":"https:\/\/cnctulua.tv\/index.php?rest_route=%2Fwp%2Fv2%2Fcomments&post=21958"}],"version-history":[{"count":1,"href":"https:\/\/cnctulua.tv\/index.php?rest_route=\/wp\/v2\/posts\/21958\/revisions"}],"predecessor-version":[{"id":21960,"href":"https:\/\/cnctulua.tv\/index.php?rest_route=\/wp\/v2\/posts\/21958\/revisions\/21960"}],"wp:featuredmedia":[{"embeddable":true,"href":"https:\/\/cnctulua.tv\/index.php?rest_route=\/wp\/v2\/media\/21959"}],"wp:attachment":[{"href":"https:\/\/cnctulua.tv\/index.php?rest_route=%2Fwp%2Fv2%2Fmedia&parent=21958"}],"wp:term":[{"taxonomy":"category","embeddable":true,"href":"https:\/\/cnctulua.tv\/index.php?rest_route=%2Fwp%2Fv2%2Fcategories&post=21958"},{"taxonomy":"post_tag","embeddable":true,"href":"https:\/\/cnctulua.tv\/index.php?rest_route=%2Fwp%2Fv2%2Ftags&post=21958"}],"curies":[{"name":"wp","href":"https:\/\/api.w.org\/{rel}","templated":true}]}}