{"id":21996,"date":"2024-07-31T19:41:30","date_gmt":"2024-07-31T19:41:30","guid":{"rendered":"https:\/\/cnctulua.tv\/?p=21996"},"modified":"2024-07-31T19:41:34","modified_gmt":"2024-07-31T19:41:34","slug":"devastador-incendio-en-buga-genera-inquietud-sospechan-represalia-por-extorsion-en-el-corazon-comercial-de-la-ciudad","status":"publish","type":"post","link":"https:\/\/cnctulua.tv\/?p=21996","title":{"rendered":"DEVASTADOR INCENDIO EN BUGA GENERA INQUIETUD: SOSPECHAN REPRESALIA POR EXTORSI\u00d3N EN EL CORAZ\u00d3N COMERCIAL DE LA CIUDAD."},"content":{"rendered":"\n<p>Las autoridades de Buga se encuentran en m\u00e1xima alerta tras un incendio que arras\u00f3 con un local de ropa deportiva en el centro de la ciudad. El siniestro, que ocurri\u00f3 en la madrugada del pasado martes alrededor de las 2:30 a.m., ha generado una gran preocupaci\u00f3n en la comunidad. Las llamas consumieron r\u00e1pidamente el establecimiento, dejando a su paso un escenario de devastaci\u00f3n que ahora es objeto de intensas investigaciones.<\/p>\n\n\n\n<p><\/p>\n\n\n\n<figure class=\"wp-block-embed is-type-video is-provider-youtube wp-block-embed-youtube wp-embed-aspect-16-9 wp-has-aspect-ratio\"><div class=\"wp-block-embed__wrapper\">\n<iframe loading=\"lazy\" title=\"En Guadalajara de Buga: Sospechas de extorsi\u00f3n tras incendio a local comercial.\" width=\"640\" height=\"360\" src=\"https:\/\/www.youtube.com\/embed\/R3F63Oha2mc?feature=oembed\" frameborder=\"0\" allow=\"accelerometer; autoplay; clipboard-write; encrypted-media; gyroscope; picture-in-picture; web-share\" referrerpolicy=\"strict-origin-when-cross-origin\" allowfullscreen><\/iframe>\n<\/div><\/figure>\n\n\n\n<p>La comunidad local se ha visto profundamente afectada por el incidente, no solo por las p\u00e9rdidas materiales sino tambi\u00e9n por el temor de que este acto pueda estar vinculado a la creciente ola de violencia e intimidaci\u00f3n en la regi\u00f3n. Las primeras hip\u00f3tesis sugieren que el incendio podr\u00eda haber sido provocado como una represalia relacionada con un acto de extorsi\u00f3n, una pr\u00e1ctica delictiva que ha venido en aumento en los \u00faltimos meses y que tiene en vilo a comerciantes y residentes por igual.<\/p>\n\n\n\n<p>En respuesta a estos acontecimientos, las autoridades han intensificado las medidas de seguridad en el \u00e1rea. La Polic\u00eda Nacional ha desplegado un equipo especializado para investigar las causas del incendio y determinar si efectivamente est\u00e1 relacionado con el crimen organizado. Adem\u00e1s, se ha reforzado la presencia policial en las zonas comerciales de Buga, en un esfuerzo por brindar tranquilidad a la poblaci\u00f3n y prevenir futuros incidentes de este tipo.<\/p>\n\n\n\n\n\n<p>Este suceso ha puesto de relieve la necesidad urgente de abordar la problem\u00e1tica de la extorsi\u00f3n y la violencia en la regi\u00f3n. Los l\u00edderes comunitarios y comerciantes han expresado su preocupaci\u00f3n y han hecho un llamado a las autoridades para que tomen acciones contundentes que garanticen la seguridad y protecci\u00f3n de los ciudadanos. Mientras tanto, la investigaci\u00f3n contin\u00faa, y la comunidad permanece en vilo, esperando respuestas que permitan aclarar lo sucedido y restaurar la paz en la ciudad.<\/p>\n","protected":false},"excerpt":{"rendered":"<p>Las autoridades de Buga se encuentran en m\u00e1xima alerta tras un incendio que arras\u00f3 con un local de ropa deportiva en el centro de la ciudad. El siniestro, que ocurri\u00f3 en la madrugada del pasado martes alrededor de las 2:30 a.m., ha generado una gran preocupaci\u00f3n en la comunidad. Las llamas consumieron r\u00e1pidamente el establecimiento, [&hellip;]<\/p>\n","protected":false},"author":3,"featured_media":21997,"comment_status":"open","ping_status":"open","sticky":false,"template":"","format":"video","meta":{"footnotes":""},"categories":[1],"tags":[],"class_list":["post-21996","post","type-post","status-publish","format-video","has-post-thumbnail","hentry","category-uncategorized","post_format-post-format-video"],"_links":{"self":[{"href":"https:\/\/cnctulua.tv\/index.php?rest_route=\/wp\/v2\/posts\/21996","targetHints":{"allow":["GET"]}}],"collection":[{"href":"https:\/\/cnctulua.tv\/index.php?rest_route=\/wp\/v2\/posts"}],"about":[{"href":"https:\/\/cnctulua.tv\/index.php?rest_route=\/wp\/v2\/types\/post"}],"author":[{"embeddable":true,"href":"https:\/\/cnctulua.tv\/index.php?rest_route=\/wp\/v2\/users\/3"}],"replies":[{"embeddable":true,"href":"https:\/\/cnctulua.tv\/index.php?rest_route=%2Fwp%2Fv2%2Fcomments&post=21996"}],"version-history":[{"count":1,"href":"https:\/\/cnctulua.tv\/index.php?rest_route=\/wp\/v2\/posts\/21996\/revisions"}],"predecessor-version":[{"id":21999,"href":"https:\/\/cnctulua.tv\/index.php?rest_route=\/wp\/v2\/posts\/21996\/revisions\/21999"}],"wp:featuredmedia":[{"embeddable":true,"href":"https:\/\/cnctulua.tv\/index.php?rest_route=\/wp\/v2\/media\/21997"}],"wp:attachment":[{"href":"https:\/\/cnctulua.tv\/index.php?rest_route=%2Fwp%2Fv2%2Fmedia&parent=21996"}],"wp:term":[{"taxonomy":"category","embeddable":true,"href":"https:\/\/cnctulua.tv\/index.php?rest_route=%2Fwp%2Fv2%2Fcategories&post=21996"},{"taxonomy":"post_tag","embeddable":true,"href":"https:\/\/cnctulua.tv\/index.php?rest_route=%2Fwp%2Fv2%2Ftags&post=21996"}],"curies":[{"name":"wp","href":"https:\/\/api.w.org\/{rel}","templated":true}]}}