{"id":22048,"date":"2024-08-01T18:09:56","date_gmt":"2024-08-01T18:09:56","guid":{"rendered":"https:\/\/cnctulua.tv\/?p=22048"},"modified":"2024-08-01T18:10:01","modified_gmt":"2024-08-01T18:10:01","slug":"el-hospital-departamental-tomas-uribe-uribe-lleva-atencion-medica-especializada-a-san-pedro-con-tomas-sin-fronteras","status":"publish","type":"post","link":"https:\/\/cnctulua.tv\/?p=22048","title":{"rendered":"EL HOSPITAL DEPARTAMENTAL TOM\u00c1S URIBE URIBE LLEVA ATENCI\u00d3N M\u00c9DICA ESPECIALIZADA A SAN PEDRO CON \u201cTOM\u00c1S SIN FRONTERAS\u201d."},"content":{"rendered":"\n<p>El Hospital Departamental Tom\u00e1s Uribe Uribe ha anunciado que su programa \u201cTom\u00e1s Sin Fronteras\u201d llegar\u00e1 este s\u00e1bado 3 de agosto al municipio de San Pedro. Esta iniciativa busca ofrecer atenci\u00f3n m\u00e9dica especializada en \u00e1reas rurales y extender los servicios de la instituci\u00f3n a comunidades alejadas del centro del departamento del Valle.<\/p>\n\n\n\n<p><\/p>\n\n\n\n<figure class=\"wp-block-embed is-type-video is-provider-youtube wp-block-embed-youtube wp-embed-aspect-16-9 wp-has-aspect-ratio\"><div class=\"wp-block-embed__wrapper\">\n<iframe loading=\"lazy\" title=\"H. D. Tom\u00e1s Uribe Uribe este s\u00e1bado con la estrategia \u201cTom\u00e1s Sin Fronteras\u201d en San Pedro.\" width=\"640\" height=\"360\" src=\"https:\/\/www.youtube.com\/embed\/JISljbWlitI?feature=oembed\" frameborder=\"0\" allow=\"accelerometer; autoplay; clipboard-write; encrypted-media; gyroscope; picture-in-picture; web-share\" referrerpolicy=\"strict-origin-when-cross-origin\" allowfullscreen><\/iframe>\n<\/div><\/figure>\n\n\n\n<p>El Subgerente Cient\u00edfico del hospital, C\u00e9sar Augusto Rodr\u00edguez, explic\u00f3 que la estrategia tiene como objetivo brindar servicios m\u00e9dicos de alta calidad a los residentes de San Pedro. \u201cCon \u2018Tom\u00e1s Sin Fronteras\u2019, llevaremos a San Pedro especialistas en pediatr\u00eda, medicina interna, cirug\u00eda general y ginecolog\u00eda\u201d, afirm\u00f3 Rodr\u00edguez. La estrategia est\u00e1 dise\u00f1ada para facilitar el acceso a la atenci\u00f3n m\u00e9dica sin que los pacientes tengan que recorrer largas distancias.<\/p>\n\n\n\n<p>Los residentes interesados en participar en esta jornada deben registrarse en el Hospital Ulpiano Tasc\u00f3n. All\u00ed, deber\u00e1n completar una base de datos que ser\u00e1 enviada a la Secretar\u00eda de Salud Departamental. Esta informaci\u00f3n permitir\u00e1 coordinar la cantidad de especialistas y los cupos necesarios para la visita. \u201cEs esencial que los ciudadanos se registren en el Hospital Ulpiano Tasc\u00f3n para que podamos planificar adecuadamente y asegurar la presencia del personal m\u00e9dico necesario\u201d, indic\u00f3 Rodr\u00edguez.<\/p>\n\n\n\n<figure class=\"wp-block-image size-large\"><img loading=\"lazy\" decoding=\"async\" width=\"1024\" height=\"497\" src=\"https:\/\/cnctulua.tv\/wp-content\/uploads\/2024\/08\/tomas-ddd-1024x497.webp\" alt=\"\" class=\"wp-image-22050\" srcset=\"https:\/\/cnctulua.tv\/wp-content\/uploads\/2024\/08\/tomas-ddd-1024x497.webp 1024w, https:\/\/cnctulua.tv\/wp-content\/uploads\/2024\/08\/tomas-ddd-300x145.webp 300w, https:\/\/cnctulua.tv\/wp-content\/uploads\/2024\/08\/tomas-ddd-768x372.webp 768w, https:\/\/cnctulua.tv\/wp-content\/uploads\/2024\/08\/tomas-ddd.webp 1258w\" sizes=\"auto, (max-width: 1024px) 100vw, 1024px\" \/><\/figure>\n\n\n\n<p>La iniciativa \u201cTom\u00e1s Sin Fronteras\u201d refleja el compromiso del Hospital Departamental Tom\u00e1s Uribe Uribe con la accesibilidad y la calidad en la atenci\u00f3n m\u00e9dica. La estrategia busca mejorar el bienestar de los habitantes de San Pedro y otras comunidades del departamento, garantizando que todos reciban la atenci\u00f3n especializada que necesitan.<\/p>\n\n\n\n<p>Para m\u00e1s detalles sobre el registro y la jornada de atenci\u00f3n, los residentes pueden contactar al Hospital Ulpiano Tasc\u00f3n. La visita de los especialistas representa una oportunidad crucial para aquellos que normalmente enfrentar\u00edan grandes desplazamientos para recibir atenci\u00f3n m\u00e9dica adecuada.<\/p>\n","protected":false},"excerpt":{"rendered":"<p>El Hospital Departamental Tom\u00e1s Uribe Uribe ha anunciado que su programa \u201cTom\u00e1s Sin Fronteras\u201d llegar\u00e1 este s\u00e1bado 3 de agosto al municipio de San Pedro. Esta iniciativa busca ofrecer atenci\u00f3n m\u00e9dica especializada en \u00e1reas rurales y extender los servicios de la instituci\u00f3n a comunidades alejadas del centro del departamento del Valle. El Subgerente Cient\u00edfico del [&hellip;]<\/p>\n","protected":false},"author":3,"featured_media":22049,"comment_status":"open","ping_status":"open","sticky":false,"template":"","format":"video","meta":{"footnotes":""},"categories":[1],"tags":[],"class_list":["post-22048","post","type-post","status-publish","format-video","has-post-thumbnail","hentry","category-uncategorized","post_format-post-format-video"],"_links":{"self":[{"href":"https:\/\/cnctulua.tv\/index.php?rest_route=\/wp\/v2\/posts\/22048","targetHints":{"allow":["GET"]}}],"collection":[{"href":"https:\/\/cnctulua.tv\/index.php?rest_route=\/wp\/v2\/posts"}],"about":[{"href":"https:\/\/cnctulua.tv\/index.php?rest_route=\/wp\/v2\/types\/post"}],"author":[{"embeddable":true,"href":"https:\/\/cnctulua.tv\/index.php?rest_route=\/wp\/v2\/users\/3"}],"replies":[{"embeddable":true,"href":"https:\/\/cnctulua.tv\/index.php?rest_route=%2Fwp%2Fv2%2Fcomments&post=22048"}],"version-history":[{"count":1,"href":"https:\/\/cnctulua.tv\/index.php?rest_route=\/wp\/v2\/posts\/22048\/revisions"}],"predecessor-version":[{"id":22051,"href":"https:\/\/cnctulua.tv\/index.php?rest_route=\/wp\/v2\/posts\/22048\/revisions\/22051"}],"wp:featuredmedia":[{"embeddable":true,"href":"https:\/\/cnctulua.tv\/index.php?rest_route=\/wp\/v2\/media\/22049"}],"wp:attachment":[{"href":"https:\/\/cnctulua.tv\/index.php?rest_route=%2Fwp%2Fv2%2Fmedia&parent=22048"}],"wp:term":[{"taxonomy":"category","embeddable":true,"href":"https:\/\/cnctulua.tv\/index.php?rest_route=%2Fwp%2Fv2%2Fcategories&post=22048"},{"taxonomy":"post_tag","embeddable":true,"href":"https:\/\/cnctulua.tv\/index.php?rest_route=%2Fwp%2Fv2%2Ftags&post=22048"}],"curies":[{"name":"wp","href":"https:\/\/api.w.org\/{rel}","templated":true}]}}