{"id":22127,"date":"2024-08-02T18:22:41","date_gmt":"2024-08-02T18:22:41","guid":{"rendered":"https:\/\/cnctulua.tv\/?p=22127"},"modified":"2024-08-02T18:22:45","modified_gmt":"2024-08-02T18:22:45","slug":"capacitacion-de-servicios-publicos-fortalece-a-lideres-comunales-del-barrio-victoria","status":"publish","type":"post","link":"https:\/\/cnctulua.tv\/?p=22127","title":{"rendered":"CAPACITACI\u00d3N DE SERVICIOS P\u00daBLICOS FORTALECE A L\u00cdDERES COMUNALES DEL BARRIO VICTORIA."},"content":{"rendered":"\n<p>La Contralor\u00eda Municipal ofreci\u00f3 hoy una valiosa capacitaci\u00f3n a los l\u00edderes comunales del barrio Victoria, enfocada en la Ley 142 y la gesti\u00f3n de servicios p\u00fablicos domiciliarios. El evento, que se llev\u00f3 a cabo en el centro comunitario local, busc\u00f3 proporcionar a los representantes de la Junta de Acci\u00f3n Comunal herramientas actualizadas para abordar las inquietudes de los vecinos sobre la prestaci\u00f3n y el costo de los servicios b\u00e1sicos.<\/p>\n\n\n\n<p><\/p>\n\n\n\n<figure class=\"wp-block-embed is-type-video is-provider-youtube wp-block-embed-youtube wp-embed-aspect-16-9 wp-has-aspect-ratio\"><div class=\"wp-block-embed__wrapper\">\n<iframe loading=\"lazy\" title=\"Contralor\u00eda Municipal capacita a lideres comunales de Tulu\u00e1 sobre servicio p\u00fablicos.\" width=\"640\" height=\"360\" src=\"https:\/\/www.youtube.com\/embed\/c1QxWeVMkgA?feature=oembed\" frameborder=\"0\" allow=\"accelerometer; autoplay; clipboard-write; encrypted-media; gyroscope; picture-in-picture; web-share\" referrerpolicy=\"strict-origin-when-cross-origin\" allowfullscreen><\/iframe>\n<\/div><\/figure>\n\n\n\n<p>Luis Eduardo Ayala Rengifo, presidente de la Junta de Acci\u00f3n Comunal del barrio Victoria, destac\u00f3 la importancia de esta formaci\u00f3n. Seg\u00fan Ayala Rengifo, los l\u00edderes comunales deben estar bien informados sobre la Ley 142 para ofrecer respuestas precisas y efectivas a las consultas de los ciudadanos. \u201cEsta capacitaci\u00f3n es fundamental para poder resolver las dudas de nuestros vecinos y mejorar la calidad de la informaci\u00f3n que brindamos\u201d, se\u00f1al\u00f3.<\/p>\n\n\n\n<p>El presidente de la Junta de Acci\u00f3n Comunal tambi\u00e9n expres\u00f3 su agradecimiento a la Contralor\u00eda Municipal por la oportunidad de formaci\u00f3n. \u201cEstamos muy agradecidos por esta iniciativa. Las capacitaciones nos permiten mantenernos al d\u00eda con los cambios normativos y ofrecer un mejor servicio a nuestra comunidad\u201d, agreg\u00f3.<\/p>\n\n\n\n<p>Ayala Rengifo hizo un llamado a los l\u00edderes comunales para que est\u00e9n atentos a las oportunidades de capacitaci\u00f3n ofrecidas por la administraci\u00f3n municipal y las redes sociales. Resalt\u00f3 la importancia de aprovechar estos espacios para estar actualizados en temas de servicios p\u00fablicos y reglamentaci\u00f3n comunal.<\/p>\n\n\n\n<p>En su intervenci\u00f3n, Ayala Rengifo tambi\u00e9n mencion\u00f3 que la Junta de Acci\u00f3n Comunal est\u00e1 en proceso de actualizaci\u00f3n de sus estatutos. Adem\u00e1s, destac\u00f3 que se est\u00e1n ofreciendo capacitaciones adicionales sobre la reglamentaci\u00f3n de las Juntas de Acci\u00f3n Comunal. \u201cEs crucial que los l\u00edderes comunales aprovechemos estas oportunidades para mantenernos al d\u00eda con la normativa vigente y mejorar el funcionamiento de nuestras juntas\u201d, concluy\u00f3.<\/p>\n","protected":false},"excerpt":{"rendered":"<p>La Contralor\u00eda Municipal ofreci\u00f3 hoy una valiosa capacitaci\u00f3n a los l\u00edderes comunales del barrio Victoria, enfocada en la Ley 142 y la gesti\u00f3n de servicios p\u00fablicos domiciliarios. El evento, que se llev\u00f3 a cabo en el centro comunitario local, busc\u00f3 proporcionar a los representantes de la Junta de Acci\u00f3n Comunal herramientas actualizadas para abordar las [&hellip;]<\/p>\n","protected":false},"author":3,"featured_media":22128,"comment_status":"open","ping_status":"open","sticky":false,"template":"","format":"video","meta":{"footnotes":""},"categories":[1],"tags":[],"class_list":["post-22127","post","type-post","status-publish","format-video","has-post-thumbnail","hentry","category-uncategorized","post_format-post-format-video"],"_links":{"self":[{"href":"https:\/\/cnctulua.tv\/index.php?rest_route=\/wp\/v2\/posts\/22127","targetHints":{"allow":["GET"]}}],"collection":[{"href":"https:\/\/cnctulua.tv\/index.php?rest_route=\/wp\/v2\/posts"}],"about":[{"href":"https:\/\/cnctulua.tv\/index.php?rest_route=\/wp\/v2\/types\/post"}],"author":[{"embeddable":true,"href":"https:\/\/cnctulua.tv\/index.php?rest_route=\/wp\/v2\/users\/3"}],"replies":[{"embeddable":true,"href":"https:\/\/cnctulua.tv\/index.php?rest_route=%2Fwp%2Fv2%2Fcomments&post=22127"}],"version-history":[{"count":1,"href":"https:\/\/cnctulua.tv\/index.php?rest_route=\/wp\/v2\/posts\/22127\/revisions"}],"predecessor-version":[{"id":22129,"href":"https:\/\/cnctulua.tv\/index.php?rest_route=\/wp\/v2\/posts\/22127\/revisions\/22129"}],"wp:featuredmedia":[{"embeddable":true,"href":"https:\/\/cnctulua.tv\/index.php?rest_route=\/wp\/v2\/media\/22128"}],"wp:attachment":[{"href":"https:\/\/cnctulua.tv\/index.php?rest_route=%2Fwp%2Fv2%2Fmedia&parent=22127"}],"wp:term":[{"taxonomy":"category","embeddable":true,"href":"https:\/\/cnctulua.tv\/index.php?rest_route=%2Fwp%2Fv2%2Fcategories&post=22127"},{"taxonomy":"post_tag","embeddable":true,"href":"https:\/\/cnctulua.tv\/index.php?rest_route=%2Fwp%2Fv2%2Ftags&post=22127"}],"curies":[{"name":"wp","href":"https:\/\/api.w.org\/{rel}","templated":true}]}}