{"id":22160,"date":"2024-08-05T16:32:34","date_gmt":"2024-08-05T16:32:34","guid":{"rendered":"https:\/\/cnctulua.tv\/?p=22160"},"modified":"2024-08-05T16:32:40","modified_gmt":"2024-08-05T16:32:40","slug":"capturado-en-yumbo-un-hombre-de-24-anos-por-homicidio-y-tentativa-de-homicidio","status":"publish","type":"post","link":"https:\/\/cnctulua.tv\/?p=22160","title":{"rendered":"CAPTURADO EN YUMBO UN HOMBRE DE 24 A\u00d1OS POR HOMICIDIO Y TENTATIVA DE HOMICIDIO."},"content":{"rendered":"\n<p>En Yumbo, Valle del Cauca, la Polic\u00eda captur\u00f3 a un hombre de 24 a\u00f1os en el barrio Belalc\u00e1zar, implicado en un homicidio y una tentativa de homicidio ocurridos en abril del presente a\u00f1o. La captura se realiz\u00f3 tras tres meses de investigaci\u00f3n por parte de la Seccional de Investigaci\u00f3n Criminal.<\/p>\n\n\n\n<p><\/p>\n\n\n\n<figure class=\"wp-block-video\"><\/figure>\n\n\n\n<p>El individuo es acusado de ser responsable de un ataque en el sector de Bellavista que result\u00f3 en la muerte de un adolescente y dej\u00f3 a un adulto con heridas graves. La detenci\u00f3n se llev\u00f3 a cabo en la v\u00eda p\u00fablica, marcando el final de una investigaci\u00f3n que busc\u00f3 esclarecer los hechos y llevar justicia a las v\u00edctimas.<\/p>\n\n\n\n<p>Este hombre ya hab\u00eda sido arrestado anteriormente en 2021 por un delito similar, lo que refuerza su historial delictivo. En esta ocasi\u00f3n, enfrenta cargos por homicidio agravado, tentativa de homicidio y tr\u00e1fico, fabricaci\u00f3n y porte de armas de fuego.<\/p>\n\n\n\n<figure class=\"wp-block-image size-large is-resized\"><img loading=\"lazy\" decoding=\"async\" width=\"953\" height=\"1024\" src=\"https:\/\/cnctulua.tv\/wp-content\/uploads\/2024\/08\/WhatsApp-Image-2024-08-03-at-9.22.41-AM-1-1-953x1024.jpeg\" alt=\"\" class=\"wp-image-22163\" style=\"width:898px;height:auto\" srcset=\"https:\/\/cnctulua.tv\/wp-content\/uploads\/2024\/08\/WhatsApp-Image-2024-08-03-at-9.22.41-AM-1-1-953x1024.jpeg 953w, https:\/\/cnctulua.tv\/wp-content\/uploads\/2024\/08\/WhatsApp-Image-2024-08-03-at-9.22.41-AM-1-1-279x300.jpeg 279w, https:\/\/cnctulua.tv\/wp-content\/uploads\/2024\/08\/WhatsApp-Image-2024-08-03-at-9.22.41-AM-1-1-768x826.jpeg 768w, https:\/\/cnctulua.tv\/wp-content\/uploads\/2024\/08\/WhatsApp-Image-2024-08-03-at-9.22.41-AM-1-1-1429x1536.jpeg 1429w, https:\/\/cnctulua.tv\/wp-content\/uploads\/2024\/08\/WhatsApp-Image-2024-08-03-at-9.22.41-AM-1-1.jpeg 1440w\" sizes=\"auto, (max-width: 953px) 100vw, 953px\" \/><\/figure>\n\n\n\n<p>El detenido ha sido puesto a disposici\u00f3n de la Fiscal\u00eda General de la Naci\u00f3n, que continuar\u00e1 con el proceso judicial para esclarecer todos los detalles del caso y determinar las sanciones correspondientes. La Polic\u00eda sigue trabajando para garantizar la seguridad en la regi\u00f3n y prevenir futuros delitos.<\/p>\n","protected":false},"excerpt":{"rendered":"<p>En Yumbo, Valle del Cauca, la Polic\u00eda captur\u00f3 a un hombre de 24 a\u00f1os en el barrio Belalc\u00e1zar, implicado en un homicidio y una tentativa de homicidio ocurridos en abril del presente a\u00f1o. La captura se realiz\u00f3 tras tres meses de investigaci\u00f3n por parte de la Seccional de Investigaci\u00f3n Criminal. El individuo es acusado de [&hellip;]<\/p>\n","protected":false},"author":3,"featured_media":22162,"comment_status":"open","ping_status":"open","sticky":false,"template":"","format":"video","meta":{"footnotes":""},"categories":[1],"tags":[],"class_list":["post-22160","post","type-post","status-publish","format-video","has-post-thumbnail","hentry","category-uncategorized","post_format-post-format-video"],"_links":{"self":[{"href":"https:\/\/cnctulua.tv\/index.php?rest_route=\/wp\/v2\/posts\/22160","targetHints":{"allow":["GET"]}}],"collection":[{"href":"https:\/\/cnctulua.tv\/index.php?rest_route=\/wp\/v2\/posts"}],"about":[{"href":"https:\/\/cnctulua.tv\/index.php?rest_route=\/wp\/v2\/types\/post"}],"author":[{"embeddable":true,"href":"https:\/\/cnctulua.tv\/index.php?rest_route=\/wp\/v2\/users\/3"}],"replies":[{"embeddable":true,"href":"https:\/\/cnctulua.tv\/index.php?rest_route=%2Fwp%2Fv2%2Fcomments&post=22160"}],"version-history":[{"count":1,"href":"https:\/\/cnctulua.tv\/index.php?rest_route=\/wp\/v2\/posts\/22160\/revisions"}],"predecessor-version":[{"id":22164,"href":"https:\/\/cnctulua.tv\/index.php?rest_route=\/wp\/v2\/posts\/22160\/revisions\/22164"}],"wp:featuredmedia":[{"embeddable":true,"href":"https:\/\/cnctulua.tv\/index.php?rest_route=\/wp\/v2\/media\/22162"}],"wp:attachment":[{"href":"https:\/\/cnctulua.tv\/index.php?rest_route=%2Fwp%2Fv2%2Fmedia&parent=22160"}],"wp:term":[{"taxonomy":"category","embeddable":true,"href":"https:\/\/cnctulua.tv\/index.php?rest_route=%2Fwp%2Fv2%2Fcategories&post=22160"},{"taxonomy":"post_tag","embeddable":true,"href":"https:\/\/cnctulua.tv\/index.php?rest_route=%2Fwp%2Fv2%2Ftags&post=22160"}],"curies":[{"name":"wp","href":"https:\/\/api.w.org\/{rel}","templated":true}]}}