{"id":22165,"date":"2024-08-05T16:45:47","date_gmt":"2024-08-05T16:45:47","guid":{"rendered":"https:\/\/cnctulua.tv\/?p=22165"},"modified":"2024-08-05T16:45:51","modified_gmt":"2024-08-05T16:45:51","slug":"capturan-a-director-de-fundacion-en-cali-por-homicidio-tortura-y-secuestro","status":"publish","type":"post","link":"https:\/\/cnctulua.tv\/?p=22165","title":{"rendered":"CAPTURAN A DIRECTOR DE FUNDACI\u00d3N EN CALI POR HOMICIDIO, TORTURA Y SECUESTRO."},"content":{"rendered":"\n<p><\/p>\n\n\n\n<p>En una operaci\u00f3n realizada por la Polic\u00eda Nacional, el director de una fundaci\u00f3n de rehabilitaci\u00f3n de adicciones en la Comuna 1 de Cali fue detenido bajo cargos de homicidio, tortura, secuestro y ocultamiento de pruebas. La captura se concret\u00f3 tras una investigaci\u00f3n de 45 d\u00edas llevada a cabo por la Seccional de Investigaci\u00f3n Criminal.<\/p>\n\n\n\n<p><\/p>\n\n\n\n<figure class=\"wp-block-embed is-type-video is-provider-youtube wp-block-embed-youtube wp-embed-aspect-16-9 wp-has-aspect-ratio\"><div class=\"wp-block-embed__wrapper\">\n<iframe loading=\"lazy\" title=\"En Cali: Capturan al director de fundaci\u00f3n por homicidio, secuestro y tortura.\" width=\"640\" height=\"360\" src=\"https:\/\/www.youtube.com\/embed\/8Lcl-xwY0l0?feature=oembed\" frameborder=\"0\" allow=\"accelerometer; autoplay; clipboard-write; encrypted-media; gyroscope; picture-in-picture; web-share\" referrerpolicy=\"strict-origin-when-cross-origin\" allowfullscreen><\/iframe>\n<\/div><\/figure>\n\n\n\n<p>El caso se inici\u00f3 el 13 de junio, cuando una mujer con evidentes se\u00f1ales de asfixia mec\u00e1nica lleg\u00f3 en estado cr\u00edtico a un hospital, donde falleci\u00f3 poco despu\u00e9s. Las primeras investigaciones sugieren que la v\u00edctima hab\u00eda sido sometida a graves maltratos dentro de las instalaciones de la fundaci\u00f3n, situada en el sector de Las Palmas del barrio Terr\u00f3n Colorado.<\/p>\n\n\n\n<p>Las alarmas se encendieron en los organismos de salud debido a las se\u00f1ales de asfixia, lo que llev\u00f3 a una r\u00e1pida intervenci\u00f3n de las autoridades. La intervenci\u00f3n de las patrullas permiti\u00f3 asegurar a las personas presentes en la fundaci\u00f3n y suspender de inmediato sus actividades.<\/p>\n\n\n\n<p>La investigaci\u00f3n subsiguiente revel\u00f3 pr\u00e1cticas abusivas graves hacia los pacientes, las cuales el detenido intent\u00f3 ocultar para evadir la acci\u00f3n de la justicia. El capturado tiene antecedentes penales por lesiones personales, da\u00f1o en bien ajeno e inasistencia alimentaria.<\/p>\n\n\n\n<p>Actualmente, el director de la fundaci\u00f3n est\u00e1 a disposici\u00f3n de la Fiscal\u00eda General de la Naci\u00f3n. Un Juez de Control de Garant\u00edas ser\u00e1 el encargado de definir su situaci\u00f3n judicial. La Polic\u00eda Nacional hace un llamado a la comunidad para que proporcione informaci\u00f3n sobre actividades delictivas. Los ciudadanos pueden comunicarse a la l\u00ednea contra el multicrimen 3213945156, o a las l\u00edneas de emergencia 123 y 156 de la Red de Cooperantes, garantizando completa confidencialidad.<\/p>\n","protected":false},"excerpt":{"rendered":"<p>En una operaci\u00f3n realizada por la Polic\u00eda Nacional, el director de una fundaci\u00f3n de rehabilitaci\u00f3n de adicciones en la Comuna 1 de Cali fue detenido bajo cargos de homicidio, tortura, secuestro y ocultamiento de pruebas. La captura se concret\u00f3 tras una investigaci\u00f3n de 45 d\u00edas llevada a cabo por la Seccional de Investigaci\u00f3n Criminal. El [&hellip;]<\/p>\n","protected":false},"author":3,"featured_media":22166,"comment_status":"open","ping_status":"open","sticky":false,"template":"","format":"video","meta":{"footnotes":""},"categories":[1],"tags":[],"class_list":["post-22165","post","type-post","status-publish","format-video","has-post-thumbnail","hentry","category-uncategorized","post_format-post-format-video"],"_links":{"self":[{"href":"https:\/\/cnctulua.tv\/index.php?rest_route=\/wp\/v2\/posts\/22165","targetHints":{"allow":["GET"]}}],"collection":[{"href":"https:\/\/cnctulua.tv\/index.php?rest_route=\/wp\/v2\/posts"}],"about":[{"href":"https:\/\/cnctulua.tv\/index.php?rest_route=\/wp\/v2\/types\/post"}],"author":[{"embeddable":true,"href":"https:\/\/cnctulua.tv\/index.php?rest_route=\/wp\/v2\/users\/3"}],"replies":[{"embeddable":true,"href":"https:\/\/cnctulua.tv\/index.php?rest_route=%2Fwp%2Fv2%2Fcomments&post=22165"}],"version-history":[{"count":1,"href":"https:\/\/cnctulua.tv\/index.php?rest_route=\/wp\/v2\/posts\/22165\/revisions"}],"predecessor-version":[{"id":22167,"href":"https:\/\/cnctulua.tv\/index.php?rest_route=\/wp\/v2\/posts\/22165\/revisions\/22167"}],"wp:featuredmedia":[{"embeddable":true,"href":"https:\/\/cnctulua.tv\/index.php?rest_route=\/wp\/v2\/media\/22166"}],"wp:attachment":[{"href":"https:\/\/cnctulua.tv\/index.php?rest_route=%2Fwp%2Fv2%2Fmedia&parent=22165"}],"wp:term":[{"taxonomy":"category","embeddable":true,"href":"https:\/\/cnctulua.tv\/index.php?rest_route=%2Fwp%2Fv2%2Fcategories&post=22165"},{"taxonomy":"post_tag","embeddable":true,"href":"https:\/\/cnctulua.tv\/index.php?rest_route=%2Fwp%2Fv2%2Ftags&post=22165"}],"curies":[{"name":"wp","href":"https:\/\/api.w.org\/{rel}","templated":true}]}}