{"id":22168,"date":"2024-08-05T16:51:27","date_gmt":"2024-08-05T16:51:27","guid":{"rendered":"https:\/\/cnctulua.tv\/?p=22168"},"modified":"2024-08-05T16:51:31","modified_gmt":"2024-08-05T16:51:31","slug":"en-tulua-fue-asesinado-un-hombre-en-la-vereda-la-veranera-disidencias-de-las-farc-podrian-estar-involucradas","status":"publish","type":"post","link":"https:\/\/cnctulua.tv\/?p=22168","title":{"rendered":"\u00a0EN TULU\u00c1 FUE ASESINADO UN HOMBRE EN LA VEREDA LA VERANERA; DISIDENCIAS DE LAS FARC PODR\u00cdAN ESTAR INVOLUCRADAS."},"content":{"rendered":"\n<p>En la ma\u00f1ana del pasado s\u00e1bado, la vereda La Veranera, una zona rural del municipio de Tulu\u00e1, fue escenario de un tr\u00e1gico incidente. Seg\u00fan el Teniente Coronel Nicol\u00e1s Guillermo Su\u00e1rez Plata, Comandante del Segundo Distrito de Polic\u00eda de Tulu\u00e1, \u00abhombres armados abordaron a una nueva pareja de esposos que se movilizaban a bordo de un veh\u00edculo, donde accionaron armas de fuego en contra del se\u00f1or Albeiro Torres Aguilar, de 51 a\u00f1os, caus\u00e1ndole la muerte\u00bb.<\/p>\n\n\n\n<p><\/p>\n\n\n\n<figure class=\"wp-block-embed is-type-video is-provider-youtube wp-block-embed-youtube wp-embed-aspect-16-9 wp-has-aspect-ratio\"><div class=\"wp-block-embed__wrapper\">\n<iframe loading=\"lazy\" title=\"Investigan asesinato de un hombre en vereda La Veranera zona rural de Tulu\u00e1.\" width=\"640\" height=\"360\" src=\"https:\/\/www.youtube.com\/embed\/PHlMrfSew74?feature=oembed\" frameborder=\"0\" allow=\"accelerometer; autoplay; clipboard-write; encrypted-media; gyroscope; picture-in-picture; web-share\" referrerpolicy=\"strict-origin-when-cross-origin\" allowfullscreen><\/iframe>\n<\/div><\/figure>\n\n\n\n<p>El Teniente Coronel Su\u00e1rez Plata tambi\u00e9n inform\u00f3 que, tras el ataque, los agresores \u00abhabr\u00edan pintado letreros alusivos a la compa\u00f1\u00eda Ad\u00e1n Izquierdo de las disidencias de las FARC\u00bb. Este detalle ha llevado a las autoridades a investigar la posible conexi\u00f3n con estos grupos armados.<\/p>\n\n\n\n<p>La Polic\u00eda Judicial se encarg\u00f3 de la \u00abinspecci\u00f3n t\u00e9cnica al cad\u00e1ver y de los dem\u00e1s actos urgentes que permitan esclarecer este lamentable hecho punible\u00bb. Las investigaciones contin\u00faan para determinar las circunstancias exactas del asesinato y la identidad de los responsables.<\/p>\n","protected":false},"excerpt":{"rendered":"<p>En la ma\u00f1ana del pasado s\u00e1bado, la vereda La Veranera, una zona rural del municipio de Tulu\u00e1, fue escenario de un tr\u00e1gico incidente. Seg\u00fan el Teniente Coronel Nicol\u00e1s Guillermo Su\u00e1rez Plata, Comandante del Segundo Distrito de Polic\u00eda de Tulu\u00e1, \u00abhombres armados abordaron a una nueva pareja de esposos que se movilizaban a bordo de un [&hellip;]<\/p>\n","protected":false},"author":3,"featured_media":22169,"comment_status":"open","ping_status":"open","sticky":false,"template":"","format":"video","meta":{"footnotes":""},"categories":[1],"tags":[],"class_list":["post-22168","post","type-post","status-publish","format-video","has-post-thumbnail","hentry","category-uncategorized","post_format-post-format-video"],"_links":{"self":[{"href":"https:\/\/cnctulua.tv\/index.php?rest_route=\/wp\/v2\/posts\/22168","targetHints":{"allow":["GET"]}}],"collection":[{"href":"https:\/\/cnctulua.tv\/index.php?rest_route=\/wp\/v2\/posts"}],"about":[{"href":"https:\/\/cnctulua.tv\/index.php?rest_route=\/wp\/v2\/types\/post"}],"author":[{"embeddable":true,"href":"https:\/\/cnctulua.tv\/index.php?rest_route=\/wp\/v2\/users\/3"}],"replies":[{"embeddable":true,"href":"https:\/\/cnctulua.tv\/index.php?rest_route=%2Fwp%2Fv2%2Fcomments&post=22168"}],"version-history":[{"count":1,"href":"https:\/\/cnctulua.tv\/index.php?rest_route=\/wp\/v2\/posts\/22168\/revisions"}],"predecessor-version":[{"id":22170,"href":"https:\/\/cnctulua.tv\/index.php?rest_route=\/wp\/v2\/posts\/22168\/revisions\/22170"}],"wp:featuredmedia":[{"embeddable":true,"href":"https:\/\/cnctulua.tv\/index.php?rest_route=\/wp\/v2\/media\/22169"}],"wp:attachment":[{"href":"https:\/\/cnctulua.tv\/index.php?rest_route=%2Fwp%2Fv2%2Fmedia&parent=22168"}],"wp:term":[{"taxonomy":"category","embeddable":true,"href":"https:\/\/cnctulua.tv\/index.php?rest_route=%2Fwp%2Fv2%2Fcategories&post=22168"},{"taxonomy":"post_tag","embeddable":true,"href":"https:\/\/cnctulua.tv\/index.php?rest_route=%2Fwp%2Fv2%2Ftags&post=22168"}],"curies":[{"name":"wp","href":"https:\/\/api.w.org\/{rel}","templated":true}]}}