{"id":22280,"date":"2024-08-06T18:45:46","date_gmt":"2024-08-06T18:45:46","guid":{"rendered":"https:\/\/cnctulua.tv\/?p=22280"},"modified":"2024-08-06T18:45:50","modified_gmt":"2024-08-06T18:45:50","slug":"lanza-proyecto-de-agricultura-regenerativa-con-apoyo-del-ciat-y-folu-en-el-departamento-vallecaucano","status":"publish","type":"post","link":"https:\/\/cnctulua.tv\/?p=22280","title":{"rendered":"LANZA PROYECTO DE AGRICULTURA REGENERATIVA CON APOYO DEL CIAT Y FOLU EN EL DEPARTAMENTO VALLECAUCANO."},"content":{"rendered":"\n<p>El Gobierno del Valle del Cauca ha lanzado una nueva iniciativa para promover la agricultura regenerativa en la regi\u00f3n, en colaboraci\u00f3n con el Centro Internacional de Agricultura Tropical (CIAT) y la Coalici\u00f3n para la Alimentaci\u00f3n y Uso del Suelo (FOLU). Este esfuerzo busca fomentar un uso sostenible de los recursos naturales, mejorar la fertilidad del suelo y proteger la biodiversidad.<\/p>\n\n\n\n<p><\/p>\n\n\n\n<figure class=\"wp-block-embed is-type-video is-provider-youtube wp-block-embed-youtube wp-embed-aspect-16-9 wp-has-aspect-ratio\"><div class=\"wp-block-embed__wrapper\">\n<iframe loading=\"lazy\" title=\"El Valle del Cauca impulsa agricultura regenerativa con apoyo de CIAT y FOLU.\" width=\"640\" height=\"360\" src=\"https:\/\/www.youtube.com\/embed\/mq6OeWHIWmM?feature=oembed\" frameborder=\"0\" allow=\"accelerometer; autoplay; clipboard-write; encrypted-media; gyroscope; picture-in-picture; web-share\" referrerpolicy=\"strict-origin-when-cross-origin\" allowfullscreen><\/iframe>\n<\/div><\/figure>\n\n\n\n<p>La gobernadora Dilian Francisca Toro destac\u00f3 la importancia del proyecto, alineado con el Plan Departamental de Desarrollo. \u201cQueremos implementar una agricultura regenerativa y reducir nuestra huella de carbono. Adem\u00e1s, buscamos utilizar nuestra biodiversidad para impulsar un desarrollo sostenible\u201d, afirm\u00f3 Toro.<\/p>\n\n\n\n<p>El proyecto tiene como objetivo beneficiar a los agricultores locales, en especial a quienes participan en el Plan Ortifrut\u00edcola y las Asociaciones de Futuros Agricultores. Seg\u00fan Toro, \u201ceste proyecto permitir\u00e1 a los campesinos y comunidades costeras aprovechar de manera sostenible la biodiversidad de la regi\u00f3n para mejorar su desarrollo econ\u00f3mico y social\u201d.<\/p>\n\n\n\n\n\n<p>Joe Tohme, director general del CIAT, elogi\u00f3 el compromiso del Valle del Cauca y destac\u00f3 su potencial para servir como modelo internacional en agricultura regenerativa. \u201cEl Valle es un referente agr\u00edcola en el pa\u00eds y puede convertirse en un ejemplo global al integrar pr\u00e1cticas regenerativas en diversos sectores\u201d, coment\u00f3 Tohme.<\/p>\n\n\n\n<p>Claudia Mart\u00ednez, directora de la FOLU, subray\u00f3 que la Coalici\u00f3n se sumar\u00e1 al proyecto con un enfoque en el diagn\u00f3stico de temas alimentarios y el desarrollo de una hoja de ruta para su transformaci\u00f3n. \u201cNuestro objetivo es convertir al Valle del Cauca en un l\u00edder en agricultura regenerativa, tanto a nivel nacional como internacional\u201d, se\u00f1al\u00f3 Mart\u00ednez.<\/p>\n\n\n\n<p>La agricultura regenerativa es una parte fundamental del Plan Departamental de Agroecolog\u00eda, en el que el Valle del Cauca ha sido pionero a nivel nacional. Esta iniciativa refleja un compromiso con pr\u00e1cticas agr\u00edcolas sostenibles y respetuosas con el medio ambiente.<\/p>\n","protected":false},"excerpt":{"rendered":"<p>El Gobierno del Valle del Cauca ha lanzado una nueva iniciativa para promover la agricultura regenerativa en la regi\u00f3n, en colaboraci\u00f3n con el Centro Internacional de Agricultura Tropical (CIAT) y la Coalici\u00f3n para la Alimentaci\u00f3n y Uso del Suelo (FOLU). Este esfuerzo busca fomentar un uso sostenible de los recursos naturales, mejorar la fertilidad del [&hellip;]<\/p>\n","protected":false},"author":3,"featured_media":22281,"comment_status":"open","ping_status":"open","sticky":false,"template":"","format":"video","meta":{"footnotes":""},"categories":[1],"tags":[],"class_list":["post-22280","post","type-post","status-publish","format-video","has-post-thumbnail","hentry","category-uncategorized","post_format-post-format-video"],"_links":{"self":[{"href":"https:\/\/cnctulua.tv\/index.php?rest_route=\/wp\/v2\/posts\/22280","targetHints":{"allow":["GET"]}}],"collection":[{"href":"https:\/\/cnctulua.tv\/index.php?rest_route=\/wp\/v2\/posts"}],"about":[{"href":"https:\/\/cnctulua.tv\/index.php?rest_route=\/wp\/v2\/types\/post"}],"author":[{"embeddable":true,"href":"https:\/\/cnctulua.tv\/index.php?rest_route=\/wp\/v2\/users\/3"}],"replies":[{"embeddable":true,"href":"https:\/\/cnctulua.tv\/index.php?rest_route=%2Fwp%2Fv2%2Fcomments&post=22280"}],"version-history":[{"count":1,"href":"https:\/\/cnctulua.tv\/index.php?rest_route=\/wp\/v2\/posts\/22280\/revisions"}],"predecessor-version":[{"id":22283,"href":"https:\/\/cnctulua.tv\/index.php?rest_route=\/wp\/v2\/posts\/22280\/revisions\/22283"}],"wp:featuredmedia":[{"embeddable":true,"href":"https:\/\/cnctulua.tv\/index.php?rest_route=\/wp\/v2\/media\/22281"}],"wp:attachment":[{"href":"https:\/\/cnctulua.tv\/index.php?rest_route=%2Fwp%2Fv2%2Fmedia&parent=22280"}],"wp:term":[{"taxonomy":"category","embeddable":true,"href":"https:\/\/cnctulua.tv\/index.php?rest_route=%2Fwp%2Fv2%2Fcategories&post=22280"},{"taxonomy":"post_tag","embeddable":true,"href":"https:\/\/cnctulua.tv\/index.php?rest_route=%2Fwp%2Fv2%2Ftags&post=22280"}],"curies":[{"name":"wp","href":"https:\/\/api.w.org\/{rel}","templated":true}]}}