{"id":22284,"date":"2024-08-06T18:53:41","date_gmt":"2024-08-06T18:53:41","guid":{"rendered":"https:\/\/cnctulua.tv\/?p=22284"},"modified":"2024-08-06T18:53:46","modified_gmt":"2024-08-06T18:53:46","slug":"el-valle-refuerza-la-seguridad-con-la-incorporacion-de-203-nuevos-auxiliares-de-policia","status":"publish","type":"post","link":"https:\/\/cnctulua.tv\/?p=22284","title":{"rendered":"EL VALLE REFUERZA LA SEGURIDAD CON LA INCORPORACI\u00d3N DE 203 NUEVOS AUXILIARES DE POLIC\u00cdA."},"content":{"rendered":"\n<p><\/p>\n\n\n\n<p>En una ceremonia cargada de simbolismo y esperanza, 203 nuevos auxiliares de Polic\u00eda realizaron el juramento de bandera en la Plazoleta San Francisco, marcando el inicio de su compromiso con la seguridad de los vallecaucanos. Este grupo, compuesto por 115 mujeres y 88 hombres, se unir\u00e1 a las filas de la Polic\u00eda para reforzar la seguridad en seis municipios del Valle del Cauca: Palmira, Cartago, Roldanillo, Tulu\u00e1, Sevilla y Buenaventura.<\/p>\n\n\n\n<p><\/p>\n\n\n\n<figure class=\"wp-block-embed is-type-video is-provider-youtube wp-block-embed-youtube wp-embed-aspect-16-9 wp-has-aspect-ratio\"><div class=\"wp-block-embed__wrapper\">\n<iframe loading=\"lazy\" title=\"Con 203 nuevos auxiliares de polic\u00eda el Valle del Cauca refuerza su seguridad.\" width=\"640\" height=\"360\" src=\"https:\/\/www.youtube.com\/embed\/kRcIJxjUvbE?feature=oembed\" frameborder=\"0\" allow=\"accelerometer; autoplay; clipboard-write; encrypted-media; gyroscope; picture-in-picture; web-share\" referrerpolicy=\"strict-origin-when-cross-origin\" allowfullscreen><\/iframe>\n<\/div><\/figure>\n\n\n\n<p>La ceremonia, que cont\u00f3 con la presencia de las familias de los nuevos auxiliares, fue encabezada por la gobernadora Dilian Francisca Toro. En su discurso, la mandataria destac\u00f3 la importancia de este refuerzo en el marco del programa \u2018Fuerza Joven por el Valle\u2019. Toro expres\u00f3: \u201cEs un honor ver a tantos j\u00f3venes comprometidos con la seguridad de nuestra regi\u00f3n. Estos auxiliares no solo asumen una responsabilidad crucial, sino que tambi\u00e9n reciben un apoyo econ\u00f3mico a trav\u00e9s de un bono de consumo que contribuir\u00e1 al bienestar de sus familias\u201d.<\/p>\n\n\n\n<figure class=\"wp-block-image size-large\"><img loading=\"lazy\" decoding=\"async\" width=\"1024\" height=\"683\" src=\"https:\/\/cnctulua.tv\/wp-content\/uploads\/2024\/08\/WhatsApp-Image-2024-08-06-at-11.41.43-AM-1024x683.jpeg\" alt=\"\" class=\"wp-image-22285\" srcset=\"https:\/\/cnctulua.tv\/wp-content\/uploads\/2024\/08\/WhatsApp-Image-2024-08-06-at-11.41.43-AM-1024x683.jpeg 1024w, https:\/\/cnctulua.tv\/wp-content\/uploads\/2024\/08\/WhatsApp-Image-2024-08-06-at-11.41.43-AM-300x200.jpeg 300w, https:\/\/cnctulua.tv\/wp-content\/uploads\/2024\/08\/WhatsApp-Image-2024-08-06-at-11.41.43-AM-768x512.jpeg 768w, https:\/\/cnctulua.tv\/wp-content\/uploads\/2024\/08\/WhatsApp-Image-2024-08-06-at-11.41.43-AM-1536x1024.jpeg 1536w, https:\/\/cnctulua.tv\/wp-content\/uploads\/2024\/08\/WhatsApp-Image-2024-08-06-at-11.41.43-AM-2048x1365.jpeg 2048w, https:\/\/cnctulua.tv\/wp-content\/uploads\/2024\/08\/WhatsApp-Image-2024-08-06-at-11.41.43-AM-scaled.jpeg 1620w\" sizes=\"auto, (max-width: 1024px) 100vw, 1024px\" \/><\/figure>\n\n\n\n<p>La gobernadora tambi\u00e9n revel\u00f3 planes para la incorporaci\u00f3n de 250 auxiliares adicionales, con el objetivo de expandir el apoyo a otros municipios, especialmente en el \u00e1rea metropolitana de Cali.<\/p>\n\n\n\n<p>Entre los nuevos auxiliares, Yessenia Mosquera, quien ha so\u00f1ado con servir a la patria desde peque\u00f1a, expres\u00f3 su emoci\u00f3n y orgullo. \u201cEste d\u00eda es muy especial para m\u00ed. Mi principal motivaci\u00f3n ha sido mi madre y el deseo de avanzar. Espero poder seguir creciendo en esta carrera y alcanzar mayores responsabilidades\u201d, coment\u00f3 Mosquera.<\/p>\n\n\n\n<p>Cristian Alexander Gallego, otro de los auxiliares, subray\u00f3 el impacto positivo del programa \u2018Fuerza Joven\u2019. \u201cEl apoyo recibido ha sido fundamental para m\u00ed y para mi familia. Este juramento de bandera representa un avance significativo en mi sue\u00f1o de proteger a mis conciudadanos. Agradezco a la Gobernaci\u00f3n del Valle por este respaldo\u201d, afirm\u00f3 Gallego.<\/p>\n\n\n\n<p>El coronel Giovanni Cristancho, comandante de Polic\u00eda Valle, explic\u00f3 que los nuevos auxiliares tendr\u00e1n una variedad de funciones, desde patrullajes hasta participaci\u00f3n en actividades comunitarias. \u201cEstos j\u00f3venes desempe\u00f1ar\u00e1n un papel esencial en la seguridad de los municipios asignados, estableciendo grupos de corredores y fortaleciendo la presencia policial donde m\u00e1s se necesita\u201d, detall\u00f3 Cristancho.<\/p>\n\n\n\n<p>Con la llegada de estos 203 nuevos auxiliares, el Valle del Cauca avanza en su esfuerzo por mejorar la seguridad y la convivencia ciudadana, marcando un importante paso hacia la construcci\u00f3n de un entorno m\u00e1s seguro para todos sus habitantes.<\/p>\n\n\n\n<p><\/p>\n","protected":false},"excerpt":{"rendered":"<p>En una ceremonia cargada de simbolismo y esperanza, 203 nuevos auxiliares de Polic\u00eda realizaron el juramento de bandera en la Plazoleta San Francisco, marcando el inicio de su compromiso con la seguridad de los vallecaucanos. Este grupo, compuesto por 115 mujeres y 88 hombres, se unir\u00e1 a las filas de la Polic\u00eda para reforzar la [&hellip;]<\/p>\n","protected":false},"author":3,"featured_media":22286,"comment_status":"open","ping_status":"open","sticky":false,"template":"","format":"video","meta":{"footnotes":""},"categories":[1],"tags":[],"class_list":["post-22284","post","type-post","status-publish","format-video","has-post-thumbnail","hentry","category-uncategorized","post_format-post-format-video"],"_links":{"self":[{"href":"https:\/\/cnctulua.tv\/index.php?rest_route=\/wp\/v2\/posts\/22284","targetHints":{"allow":["GET"]}}],"collection":[{"href":"https:\/\/cnctulua.tv\/index.php?rest_route=\/wp\/v2\/posts"}],"about":[{"href":"https:\/\/cnctulua.tv\/index.php?rest_route=\/wp\/v2\/types\/post"}],"author":[{"embeddable":true,"href":"https:\/\/cnctulua.tv\/index.php?rest_route=\/wp\/v2\/users\/3"}],"replies":[{"embeddable":true,"href":"https:\/\/cnctulua.tv\/index.php?rest_route=%2Fwp%2Fv2%2Fcomments&post=22284"}],"version-history":[{"count":1,"href":"https:\/\/cnctulua.tv\/index.php?rest_route=\/wp\/v2\/posts\/22284\/revisions"}],"predecessor-version":[{"id":22287,"href":"https:\/\/cnctulua.tv\/index.php?rest_route=\/wp\/v2\/posts\/22284\/revisions\/22287"}],"wp:featuredmedia":[{"embeddable":true,"href":"https:\/\/cnctulua.tv\/index.php?rest_route=\/wp\/v2\/media\/22286"}],"wp:attachment":[{"href":"https:\/\/cnctulua.tv\/index.php?rest_route=%2Fwp%2Fv2%2Fmedia&parent=22284"}],"wp:term":[{"taxonomy":"category","embeddable":true,"href":"https:\/\/cnctulua.tv\/index.php?rest_route=%2Fwp%2Fv2%2Fcategories&post=22284"},{"taxonomy":"post_tag","embeddable":true,"href":"https:\/\/cnctulua.tv\/index.php?rest_route=%2Fwp%2Fv2%2Ftags&post=22284"}],"curies":[{"name":"wp","href":"https:\/\/api.w.org\/{rel}","templated":true}]}}