{"id":22392,"date":"2024-08-14T18:54:35","date_gmt":"2024-08-14T18:54:35","guid":{"rendered":"https:\/\/cnctulua.tv\/?p=22392"},"modified":"2024-08-14T18:54:41","modified_gmt":"2024-08-14T18:54:41","slug":"en-tulua-joven-de-20-anos-es-asesinado-con-arma-de-fuego-en-el-barrio-santa-ines","status":"publish","type":"post","link":"https:\/\/cnctulua.tv\/?p=22392","title":{"rendered":"EN TULU\u00c1: JOVEN DE 20 A\u00d1OS ES ASESINADO CON ARMA DE FUEGO EN EL BARRIO SANTA IN\u00c9S."},"content":{"rendered":"\n<p>La tranquilidad de la noche en la zona occidental del municipio de Tulu\u00e1 se vio abruptamente interrumpida por un violento atentado sicarial. Alan Stiven Garc\u00eda Nieto, un joven de 20 a\u00f1os, perdi\u00f3 la vida en un ataque perpetrado en la calle 9C con 18, del barrio Santa In\u00e9s.<\/p>\n\n\n\n<p><\/p>\n\n\n\n<figure class=\"wp-block-embed is-type-video is-provider-youtube wp-block-embed-youtube wp-embed-aspect-16-9 wp-has-aspect-ratio\"><div class=\"wp-block-embed__wrapper\">\n<iframe loading=\"lazy\" title=\"Asesinan a joven de 20 a\u00f1os en el barrio Santa In\u00e9s de la Valla de C\u00e9spedes.\" width=\"640\" height=\"360\" src=\"https:\/\/www.youtube.com\/embed\/GMUCEW0DShY?feature=oembed\" frameborder=\"0\" allow=\"accelerometer; autoplay; clipboard-write; encrypted-media; gyroscope; picture-in-picture; web-share\" referrerpolicy=\"strict-origin-when-cross-origin\" allowfullscreen><\/iframe>\n<\/div><\/figure>\n\n\n\n<p>El incidente ocurri\u00f3 alrededor de las 9:00 p.m., cuando dos individuos a bordo de una motocicleta negra, marca AKT, llegaron al lugar y sin mediar palabra, dispararon contra Garc\u00eda Nieto. Tras el ataque, los agresores se dieron a la fuga a gran velocidad, dejando a la v\u00edctima gravemente herida.<\/p>\n\n\n\n<p>El Cuerpo T\u00e9cnico de Investigaci\u00f3n (CTI) de la Fiscal\u00eda arrib\u00f3 al sitio para realizar la inspecci\u00f3n t\u00e9cnica correspondiente. En el lugar del crimen se encontraron una pistola traum\u00e1tica, dos ojivas y cinco vainillas, los cuales ser\u00e1n sometidos a an\u00e1lisis para esclarecer los pormenores del ataque.<\/p>\n\n\n\n<p>Hasta el momento, las autoridades no han revelado detalles adicionales sobre el m\u00f3vil del crimen ni la identidad de los agresores.<\/p>\n","protected":false},"excerpt":{"rendered":"<p>La tranquilidad de la noche en la zona occidental del municipio de Tulu\u00e1 se vio abruptamente interrumpida por un violento atentado sicarial. Alan Stiven Garc\u00eda Nieto, un joven de 20 a\u00f1os, perdi\u00f3 la vida en un ataque perpetrado en la calle 9C con 18, del barrio Santa In\u00e9s. El incidente ocurri\u00f3 alrededor de las 9:00 [&hellip;]<\/p>\n","protected":false},"author":3,"featured_media":22394,"comment_status":"open","ping_status":"open","sticky":false,"template":"","format":"video","meta":{"footnotes":""},"categories":[1],"tags":[],"class_list":["post-22392","post","type-post","status-publish","format-video","has-post-thumbnail","hentry","category-uncategorized","post_format-post-format-video"],"_links":{"self":[{"href":"https:\/\/cnctulua.tv\/index.php?rest_route=\/wp\/v2\/posts\/22392","targetHints":{"allow":["GET"]}}],"collection":[{"href":"https:\/\/cnctulua.tv\/index.php?rest_route=\/wp\/v2\/posts"}],"about":[{"href":"https:\/\/cnctulua.tv\/index.php?rest_route=\/wp\/v2\/types\/post"}],"author":[{"embeddable":true,"href":"https:\/\/cnctulua.tv\/index.php?rest_route=\/wp\/v2\/users\/3"}],"replies":[{"embeddable":true,"href":"https:\/\/cnctulua.tv\/index.php?rest_route=%2Fwp%2Fv2%2Fcomments&post=22392"}],"version-history":[{"count":1,"href":"https:\/\/cnctulua.tv\/index.php?rest_route=\/wp\/v2\/posts\/22392\/revisions"}],"predecessor-version":[{"id":22395,"href":"https:\/\/cnctulua.tv\/index.php?rest_route=\/wp\/v2\/posts\/22392\/revisions\/22395"}],"wp:featuredmedia":[{"embeddable":true,"href":"https:\/\/cnctulua.tv\/index.php?rest_route=\/wp\/v2\/media\/22394"}],"wp:attachment":[{"href":"https:\/\/cnctulua.tv\/index.php?rest_route=%2Fwp%2Fv2%2Fmedia&parent=22392"}],"wp:term":[{"taxonomy":"category","embeddable":true,"href":"https:\/\/cnctulua.tv\/index.php?rest_route=%2Fwp%2Fv2%2Fcategories&post=22392"},{"taxonomy":"post_tag","embeddable":true,"href":"https:\/\/cnctulua.tv\/index.php?rest_route=%2Fwp%2Fv2%2Ftags&post=22392"}],"curies":[{"name":"wp","href":"https:\/\/api.w.org\/{rel}","templated":true}]}}