{"id":22412,"date":"2024-08-15T16:28:31","date_gmt":"2024-08-15T16:28:31","guid":{"rendered":"https:\/\/cnctulua.tv\/?p=22412"},"modified":"2024-08-15T16:28:35","modified_gmt":"2024-08-15T16:28:35","slug":"preocupacion-en-el-hospital-departamental-tomas-uribe-uribe-por-posible-aplicacion-de-la-ley-550","status":"publish","type":"post","link":"https:\/\/cnctulua.tv\/?p=22412","title":{"rendered":"PREOCUPACI\u00d3N EN EL HOSPITAL DEPARTAMENTAL TOM\u00c1S URIBE URIBE POR POSIBLE APLICACI\u00d3N DE LA LEY 550."},"content":{"rendered":"\n<p><\/p>\n\n\n\n<p>El Hospital Departamental Tom\u00e1s Uribe Uribe se encuentra en una situaci\u00f3n cr\u00edtica debido a problemas financieros derivados de la falta de pago por parte de las EPS. La situaci\u00f3n ha generado gran preocupaci\u00f3n entre los usuarios y trabajadores del hospital, especialmente con la posibilidad de que se aplique la Ley 550, que podr\u00eda tener serias repercusiones para la instituci\u00f3n.<\/p>\n\n\n\n<p>Olmer S\u00e1nchez, presidente de la Asociaci\u00f3n de Usuarios del hospital, ha manifestado su inquietud respecto a c\u00f3mo la Ley 550, que permite la reestructuraci\u00f3n de empresas en crisis, podr\u00eda afectar a la entidad. S\u00e1nchez explic\u00f3 que, aunque la ley podr\u00eda ser una soluci\u00f3n a la crisis financiera del hospital, a\u00fan no se ha tomado una postura definitiva sobre si realmente beneficiar\u00e1 o perjudicar\u00e1 a la instituci\u00f3n y sus usuarios.<\/p>\n\n\n\n<p><\/p>\n\n\n\n<figure class=\"wp-block-embed is-type-video is-provider-youtube wp-block-embed-youtube wp-embed-aspect-16-9 wp-has-aspect-ratio\"><div class=\"wp-block-embed__wrapper\">\n<iframe loading=\"lazy\" title=\"Crisis Financiera en el Hospital Departamental Tom\u00e1s Uribe Uribe: La Ley 550 en la Mira.\" width=\"640\" height=\"360\" src=\"https:\/\/www.youtube.com\/embed\/dGn3L2zoLnU?feature=oembed\" frameborder=\"0\" allow=\"accelerometer; autoplay; clipboard-write; encrypted-media; gyroscope; picture-in-picture; web-share\" referrerpolicy=\"strict-origin-when-cross-origin\" allowfullscreen><\/iframe>\n<\/div><\/figure>\n\n\n\n<p>\u00abEstamos en proceso de estudio de la ley y sus decretos reglamentarios, buscando asesor\u00eda de expertos para comprender plenamente las implicaciones de esta medida\u00bb, indic\u00f3 S\u00e1nchez. Uno de los mayores temores es que la Ley 550 podr\u00eda llevar a una intervenci\u00f3n gubernamental en el hospital, lo que podr\u00eda incluir la designaci\u00f3n de un administrador externo. Esto podr\u00eda alterar la estructura actual del hospital y poner en riesgo la continuidad de los suministros necesarios para la prestaci\u00f3n de servicios.<\/p>\n\n\n\n<p>Adem\u00e1s, S\u00e1nchez advirti\u00f3 que la aplicaci\u00f3n de la ley podr\u00eda tener un impacto negativo en los empleados del hospital, quienes podr\u00edan enfrentar incertidumbre laboral. La Ley 550 tambi\u00e9n podr\u00eda interferir con el plan de desarrollo del hospital, que actualmente abarca cinco pilares y 192 actividades en curso. \u00abSi la ley resulta en el cierre de servicios, muchos pacientes podr\u00edan perder el acceso a la atenci\u00f3n que actualmente reciben, lo que tambi\u00e9n podr\u00eda poner en peligro el proyecto de construcci\u00f3n del nuevo hospital\u00bb, destac\u00f3 S\u00e1nchez.<\/p>\n\n\n\n<p>El presidente de la asociaci\u00f3n tambi\u00e9n expres\u00f3 su preocupaci\u00f3n por el tiempo que tomar\u00e1 implementar la ley y c\u00f3mo esto afectar\u00e1 tanto a usuarios como a trabajadores. \u00abEstamos en proceso de recibir asesor\u00eda y apoyo para determinar el impacto real de la ley en nuestra operaci\u00f3n\u00bb, coment\u00f3 S\u00e1nchez.<\/p>\n\n\n\n<p>En respuesta a la posible afectaci\u00f3n, la Asociaci\u00f3n de Usuarios est\u00e1 considerando varias acciones para manifestar su postura. Entre las medidas contempladas se encuentran movilizaciones p\u00fablicas, recolecci\u00f3n de firmas y otras estrategias para influir en la decisi\u00f3n sobre la aplicaci\u00f3n de la ley.<\/p>\n\n\n\n<p>S\u00e1nchez hizo un llamado a los usuarios para que se mantengan informados y participen en las actividades de la asociaci\u00f3n. \u00abEstamos muy preocupados por el futuro del hospital y la salud de la comunidad. Necesitamos apoyo para asegurar que podamos seguir prestando servicios de calidad sin interrupciones\u00bb, concluy\u00f3.<\/p>\n\n\n\n<p>La situaci\u00f3n contin\u00faa en desarrollo, y la comunidad est\u00e1 atenta a las decisiones que se tomen en torno a la aplicaci\u00f3n de la Ley 550 y su impacto en el Hospital Departamental Tom\u00e1s Uribe Uribe.<\/p>\n","protected":false},"excerpt":{"rendered":"<p>El Hospital Departamental Tom\u00e1s Uribe Uribe se encuentra en una situaci\u00f3n cr\u00edtica debido a problemas financieros derivados de la falta de pago por parte de las EPS. La situaci\u00f3n ha generado gran preocupaci\u00f3n entre los usuarios y trabajadores del hospital, especialmente con la posibilidad de que se aplique la Ley 550, que podr\u00eda tener serias [&hellip;]<\/p>\n","protected":false},"author":3,"featured_media":22414,"comment_status":"open","ping_status":"open","sticky":false,"template":"","format":"video","meta":{"footnotes":""},"categories":[1],"tags":[],"class_list":["post-22412","post","type-post","status-publish","format-video","has-post-thumbnail","hentry","category-uncategorized","post_format-post-format-video"],"_links":{"self":[{"href":"https:\/\/cnctulua.tv\/index.php?rest_route=\/wp\/v2\/posts\/22412","targetHints":{"allow":["GET"]}}],"collection":[{"href":"https:\/\/cnctulua.tv\/index.php?rest_route=\/wp\/v2\/posts"}],"about":[{"href":"https:\/\/cnctulua.tv\/index.php?rest_route=\/wp\/v2\/types\/post"}],"author":[{"embeddable":true,"href":"https:\/\/cnctulua.tv\/index.php?rest_route=\/wp\/v2\/users\/3"}],"replies":[{"embeddable":true,"href":"https:\/\/cnctulua.tv\/index.php?rest_route=%2Fwp%2Fv2%2Fcomments&post=22412"}],"version-history":[{"count":1,"href":"https:\/\/cnctulua.tv\/index.php?rest_route=\/wp\/v2\/posts\/22412\/revisions"}],"predecessor-version":[{"id":22415,"href":"https:\/\/cnctulua.tv\/index.php?rest_route=\/wp\/v2\/posts\/22412\/revisions\/22415"}],"wp:featuredmedia":[{"embeddable":true,"href":"https:\/\/cnctulua.tv\/index.php?rest_route=\/wp\/v2\/media\/22414"}],"wp:attachment":[{"href":"https:\/\/cnctulua.tv\/index.php?rest_route=%2Fwp%2Fv2%2Fmedia&parent=22412"}],"wp:term":[{"taxonomy":"category","embeddable":true,"href":"https:\/\/cnctulua.tv\/index.php?rest_route=%2Fwp%2Fv2%2Fcategories&post=22412"},{"taxonomy":"post_tag","embeddable":true,"href":"https:\/\/cnctulua.tv\/index.php?rest_route=%2Fwp%2Fv2%2Ftags&post=22412"}],"curies":[{"name":"wp","href":"https:\/\/api.w.org\/{rel}","templated":true}]}}