{"id":22513,"date":"2024-08-16T19:30:20","date_gmt":"2024-08-16T19:30:20","guid":{"rendered":"https:\/\/cnctulua.tv\/?p=22513"},"modified":"2024-08-16T19:30:24","modified_gmt":"2024-08-16T19:30:24","slug":"la-feria-rosa-del-hospital-departamental-tomas-uribe-uribe-atrae-a-colaboradores","status":"publish","type":"post","link":"https:\/\/cnctulua.tv\/?p=22513","title":{"rendered":"LA FERIA ROSA DEL HOSPITAL DEPARTAMENTAL TOM\u00c1S URIBE URIBE ATRAE A COLABORADORES."},"content":{"rendered":"\n<p>El Hospital Departamental Tom\u00e1s Uribe Uribe celebra con gran \u00e9xito la Feria Rosa organizada por la Casa Rosa, un evento dirigido a sus colaboradores para promover los servicios de atenci\u00f3n integral. La feria, que se lleva a cabo el 16 de agosto, re\u00fane a empleados de todas las \u00e1reas del hospital, incluyendo administraci\u00f3n, hospitalizaci\u00f3n, cirug\u00eda, urgencias y consulta externa.<\/p>\n\n\n\n<p><\/p>\n\n\n\n<figure class=\"wp-block-embed is-type-video is-provider-youtube wp-block-embed-youtube wp-embed-aspect-16-9 wp-has-aspect-ratio\"><div class=\"wp-block-embed__wrapper\">\n<iframe loading=\"lazy\" title=\"\u00c9xito en la Feria Rosa del Hospital Departamental Tom\u00e1s Uribe Uribe.\" width=\"640\" height=\"360\" src=\"https:\/\/www.youtube.com\/embed\/5E1KGoE5wZE?feature=oembed\" frameborder=\"0\" allow=\"accelerometer; autoplay; clipboard-write; encrypted-media; gyroscope; picture-in-picture; web-share\" referrerpolicy=\"strict-origin-when-cross-origin\" allowfullscreen><\/iframe>\n<\/div><\/figure>\n\n\n\n<p>Ana Luisa Mar\u00edn Berm\u00fadez, Coordinadora del Proceso Ambulatorio del hospital, resalta el impacto positivo del evento. \u00abEl balance de la Feria Rosa es muy positivo. La participaci\u00f3n de los colaboradores de distintas \u00e1reas del hospital ha sido notable, mostrando un gran inter\u00e9s en los stands que presentan la articulaci\u00f3n interna de nuestros servicios. Esto es crucial para asegurar una atenci\u00f3n integral y personalizada a nuestros pacientes a lo largo de su ciclo de vida,\u00bb comenta Mar\u00edn Berm\u00fadez.<\/p>\n\n\n\n<p>El evento ofrece una plataforma para que los colaboradores conozcan en detalle los procesos y servicios de la Casa Rosa, fomentando una mejor integraci\u00f3n y coordinaci\u00f3n entre los distintos departamentos del hospital. Mar\u00edn Berm\u00fadez enfatiza la importancia de la participaci\u00f3n: \u00abLa asistencia a la Feria Rosa es fundamental para que todos los miembros del equipo comprendan el alcance y la importancia de los procesos que estamos implementando. Es esencial que cada uno est\u00e9 bien informado para trabajar de manera conjunta y efectiva en beneficio de nuestros pacientes.\u00bb<\/p>\n\n\n\n<p>La Casa Rosa planea realizar una segunda convocatoria para continuar con la divulgaci\u00f3n de informaci\u00f3n y asegurar que todos los servicios del hospital est\u00e9n alineados con los objetivos de atenci\u00f3n integral. \u00abEste es solo el inicio. Vamos a realizar un segundo despliegue para reforzar toda la informaci\u00f3n compartida y mantenerla actualizada en todos los servicios del hospital,\u00bb agrega la coordinadora.<\/p>\n\n\n\n<p>El \u00e9xito de la Feria Rosa refleja el compromiso del Hospital Departamental Tom\u00e1s Uribe Uribe con la mejora continua de sus procesos y la calidad de la atenci\u00f3n a sus pacientes. La colaboraci\u00f3n y el conocimiento compartido entre los colaboradores del hospital son fundamentales para avanzar hacia una atenci\u00f3n m\u00e1s eficiente y efectiva.<\/p>\n","protected":false},"excerpt":{"rendered":"<p>El Hospital Departamental Tom\u00e1s Uribe Uribe celebra con gran \u00e9xito la Feria Rosa organizada por la Casa Rosa, un evento dirigido a sus colaboradores para promover los servicios de atenci\u00f3n integral. La feria, que se lleva a cabo el 16 de agosto, re\u00fane a empleados de todas las \u00e1reas del hospital, incluyendo administraci\u00f3n, hospitalizaci\u00f3n, cirug\u00eda, [&hellip;]<\/p>\n","protected":false},"author":3,"featured_media":22514,"comment_status":"open","ping_status":"open","sticky":false,"template":"","format":"video","meta":{"footnotes":""},"categories":[1],"tags":[],"class_list":["post-22513","post","type-post","status-publish","format-video","has-post-thumbnail","hentry","category-uncategorized","post_format-post-format-video"],"_links":{"self":[{"href":"https:\/\/cnctulua.tv\/index.php?rest_route=\/wp\/v2\/posts\/22513","targetHints":{"allow":["GET"]}}],"collection":[{"href":"https:\/\/cnctulua.tv\/index.php?rest_route=\/wp\/v2\/posts"}],"about":[{"href":"https:\/\/cnctulua.tv\/index.php?rest_route=\/wp\/v2\/types\/post"}],"author":[{"embeddable":true,"href":"https:\/\/cnctulua.tv\/index.php?rest_route=\/wp\/v2\/users\/3"}],"replies":[{"embeddable":true,"href":"https:\/\/cnctulua.tv\/index.php?rest_route=%2Fwp%2Fv2%2Fcomments&post=22513"}],"version-history":[{"count":1,"href":"https:\/\/cnctulua.tv\/index.php?rest_route=\/wp\/v2\/posts\/22513\/revisions"}],"predecessor-version":[{"id":22515,"href":"https:\/\/cnctulua.tv\/index.php?rest_route=\/wp\/v2\/posts\/22513\/revisions\/22515"}],"wp:featuredmedia":[{"embeddable":true,"href":"https:\/\/cnctulua.tv\/index.php?rest_route=\/wp\/v2\/media\/22514"}],"wp:attachment":[{"href":"https:\/\/cnctulua.tv\/index.php?rest_route=%2Fwp%2Fv2%2Fmedia&parent=22513"}],"wp:term":[{"taxonomy":"category","embeddable":true,"href":"https:\/\/cnctulua.tv\/index.php?rest_route=%2Fwp%2Fv2%2Fcategories&post=22513"},{"taxonomy":"post_tag","embeddable":true,"href":"https:\/\/cnctulua.tv\/index.php?rest_route=%2Fwp%2Fv2%2Ftags&post=22513"}],"curies":[{"name":"wp","href":"https:\/\/api.w.org\/{rel}","templated":true}]}}