{"id":22519,"date":"2024-08-16T19:45:08","date_gmt":"2024-08-16T19:45:08","guid":{"rendered":"https:\/\/cnctulua.tv\/?p=22519"},"modified":"2024-08-16T19:45:12","modified_gmt":"2024-08-16T19:45:12","slug":"el-nuevo-heroe-de-internacional-hector-cardenas-promete-llevar-al-club-al-ascenso","status":"publish","type":"post","link":"https:\/\/cnctulua.tv\/?p=22519","title":{"rendered":"\u00a1EL NUEVO H\u00c9ROE DE INTERNACIONAL! H\u00c9CTOR C\u00c1RDENAS PROMETE LLEVAR AL CLUB AL ASCENSO."},"content":{"rendered":"\n<p>H\u00e9ctor C\u00e1rdenas, el reciente fichaje del club Internacional, ha compartido sus primeras impresiones tras unirse al equipo. Con una actitud positiva y una clara visi\u00f3n de futuro, C\u00e1rdenas expres\u00f3 su satisfacci\u00f3n y entusiasmo por representar a la instituci\u00f3n del Valle del Cauca.<\/p>\n\n\n\n<p><\/p>\n\n\n\n<figure class=\"wp-block-embed is-type-video is-provider-youtube wp-block-embed-youtube wp-embed-aspect-16-9 wp-has-aspect-ratio\"><div class=\"wp-block-embed__wrapper\">\n<iframe loading=\"lazy\" title=\"C\u00e1rdenas se lanza al ataque: &#039;Estamos listos para conquistar el ascenso&#039;.\" width=\"640\" height=\"360\" src=\"https:\/\/www.youtube.com\/embed\/QlRO_X9ky5k?feature=oembed\" frameborder=\"0\" allow=\"accelerometer; autoplay; clipboard-write; encrypted-media; gyroscope; picture-in-picture; web-share\" referrerpolicy=\"strict-origin-when-cross-origin\" allowfullscreen><\/iframe>\n<\/div><\/figure>\n\n\n\n<p>En su declaraci\u00f3n, C\u00e1rdenas destac\u00f3 su alegr\u00eda por formar parte de Internacional, describiendo la oportunidad como el cumplimiento de un sue\u00f1o. \u201cRepresentar a esta instituci\u00f3n es un objetivo alcanzado\u201d, afirm\u00f3 el jugador. C\u00e1rdenas subray\u00f3 la cohesi\u00f3n del equipo, que a pesar de enfrentar desaf\u00edos recientes, muestra una actitud unificada y determinaci\u00f3n para mejorar.<\/p>\n\n\n\n<p>El nuevo refuerzo hizo hincapi\u00e9 en la calidad t\u00e9cnica y la capacidad de lectura del juego que posee el grupo. Seg\u00fan C\u00e1rdenas, estos elementos son fundamentales para el \u00e9xito en las competiciones venideras. \u201cEl equipo combina madurez con j\u00f3venes promesas, lo que es ideal para alcanzar un nivel m\u00e1s alto\u201d, agreg\u00f3.<\/p>\n\n\n\n<p>Con un profundo conocimiento del club y su proyecto, C\u00e1rdenas est\u00e1 listo para aportar su experiencia adquirida tanto en el f\u00fatbol profesional como en los procesos de formaci\u00f3n de jugadores. \u201cMi objetivo es contribuir con mi experiencia para seguir proyectando a los j\u00f3venes talentos. El objetivo principal para todos es el ascenso\u201d, se\u00f1al\u00f3.<\/p>\n\n\n\n<p>C\u00e1rdenas asumi\u00f3 el desaf\u00edo con responsabilidad, reconociendo la magnitud de la tarea que tienen por delante. \u201cEstamos preparados para asumir la responsabilidad desde el primer d\u00eda\u201d, concluy\u00f3, reafirmando su compromiso con los objetivos de Internacional.<\/p>\n\n\n\n<p>La llegada de H\u00e9ctor C\u00e1rdenas al club Internacional infunde nuevas esperanzas y determinaci\u00f3n en el equipo, que se prepara para enfrentar los pr\u00f3ximos retos con renovada energ\u00eda.<\/p>\n","protected":false},"excerpt":{"rendered":"<p>H\u00e9ctor C\u00e1rdenas, el reciente fichaje del club Internacional, ha compartido sus primeras impresiones tras unirse al equipo. Con una actitud positiva y una clara visi\u00f3n de futuro, C\u00e1rdenas expres\u00f3 su satisfacci\u00f3n y entusiasmo por representar a la instituci\u00f3n del Valle del Cauca. En su declaraci\u00f3n, C\u00e1rdenas destac\u00f3 su alegr\u00eda por formar parte de Internacional, describiendo [&hellip;]<\/p>\n","protected":false},"author":3,"featured_media":22520,"comment_status":"open","ping_status":"open","sticky":false,"template":"","format":"video","meta":{"footnotes":""},"categories":[1],"tags":[],"class_list":["post-22519","post","type-post","status-publish","format-video","has-post-thumbnail","hentry","category-uncategorized","post_format-post-format-video"],"_links":{"self":[{"href":"https:\/\/cnctulua.tv\/index.php?rest_route=\/wp\/v2\/posts\/22519","targetHints":{"allow":["GET"]}}],"collection":[{"href":"https:\/\/cnctulua.tv\/index.php?rest_route=\/wp\/v2\/posts"}],"about":[{"href":"https:\/\/cnctulua.tv\/index.php?rest_route=\/wp\/v2\/types\/post"}],"author":[{"embeddable":true,"href":"https:\/\/cnctulua.tv\/index.php?rest_route=\/wp\/v2\/users\/3"}],"replies":[{"embeddable":true,"href":"https:\/\/cnctulua.tv\/index.php?rest_route=%2Fwp%2Fv2%2Fcomments&post=22519"}],"version-history":[{"count":1,"href":"https:\/\/cnctulua.tv\/index.php?rest_route=\/wp\/v2\/posts\/22519\/revisions"}],"predecessor-version":[{"id":22521,"href":"https:\/\/cnctulua.tv\/index.php?rest_route=\/wp\/v2\/posts\/22519\/revisions\/22521"}],"wp:featuredmedia":[{"embeddable":true,"href":"https:\/\/cnctulua.tv\/index.php?rest_route=\/wp\/v2\/media\/22520"}],"wp:attachment":[{"href":"https:\/\/cnctulua.tv\/index.php?rest_route=%2Fwp%2Fv2%2Fmedia&parent=22519"}],"wp:term":[{"taxonomy":"category","embeddable":true,"href":"https:\/\/cnctulua.tv\/index.php?rest_route=%2Fwp%2Fv2%2Fcategories&post=22519"},{"taxonomy":"post_tag","embeddable":true,"href":"https:\/\/cnctulua.tv\/index.php?rest_route=%2Fwp%2Fv2%2Ftags&post=22519"}],"curies":[{"name":"wp","href":"https:\/\/api.w.org\/{rel}","templated":true}]}}