{"id":22791,"date":"2024-08-23T17:58:23","date_gmt":"2024-08-23T17:58:23","guid":{"rendered":"https:\/\/cnctulua.tv\/?p=22791"},"modified":"2024-08-23T17:58:26","modified_gmt":"2024-08-23T17:58:26","slug":"gobernadora-del-valle-bloqueos-dejan-muertos-heridos-y-desabastecimiento","status":"publish","type":"post","link":"https:\/\/cnctulua.tv\/?p=22791","title":{"rendered":"GOBERNADORA DEL VALLE: \u201cBLOQUEOS DEJAN MUERTOS, HERIDOS Y DESABASTECIMIENTO\u201d."},"content":{"rendered":"\n<p><\/p>\n\n\n\n<p>La v\u00eda Panamericana, un corredor crucial para la movilidad entre los departamentos de Valle, Cauca y Nari\u00f1o, enfrenta una crisis sin precedentes debido a los bloqueos continuos. La gobernadora Dilian Francisca Toro ha solicitado de manera enf\u00e1tica al Gobierno Nacional la creaci\u00f3n de un Puesto de Mando Unificado permanente para abordar esta situaci\u00f3n.<\/p>\n\n\n\n<figure class=\"wp-block-embed is-provider-youtube wp-block-embed-youtube\"><div class=\"wp-block-embed__wrapper\">\nhttps:\/\/youtu.be\/mc5_c5e3PhI\n<\/div><\/figure>\n\n\n\n<p>En un reciente encuentro con otros gobernadores y representantes del Gobierno Nacional, la gobernadora Dilian Francisca Toro expuso la gravedad del problema: \u201cEl balance que deja a la fecha son 50 bloqueos en estos meses del a\u00f1o, $13.000 millones de pesos en p\u00e9rdidas diarias, y lo m\u00e1s triste, en el hecho m\u00e1s reciente tuvimos una persona que muri\u00f3, que era inocente y que iba pasando por ah\u00ed, adem\u00e1s dos personas m\u00e1s heridas y un polic\u00eda, las p\u00e9rdidas humanas que es lo que m\u00e1s sentimos\u201d.<\/p>\n\n\n\n<p>La gobernadora destac\u00f3 que los bloqueos no solo afectan la movilidad, sino tambi\u00e9n el comercio internacional. \u201cCon estos bloqueos tambi\u00e9n se interrumpe el comercio internacional pues el 70% de las exportaciones del Valle del Cauca hacia Ecuador se hacen por v\u00eda terrestre\u201d, explic\u00f3 Toro. La interrupci\u00f3n de esta v\u00eda vital est\u00e1 generando un impacto negativo en la seguridad alimentaria y econ\u00f3mica de la regi\u00f3n.<\/p>\n\n\n\n<p>El flujo de mercanc\u00edas, especialmente alimentos, ha sido severamente afectado. \u201cAl a\u00f1o unas 230.000 toneladas de alimentos circulan por este corredor vial, sin embargo, los continuos bloqueos impiden su paso, lo que genera p\u00e9rdidas millonarias a los productores campesinos que tienen que ver c\u00f3mo sus productos se echan a perder en medio de las carreteras\u201d, subray\u00f3 la gobernadora. Esto, a su vez, provoca un aumento en los precios de los alimentos en los centros poblados, afectando a los consumidores locales.<\/p>\n\n\n\n<p>Adem\u00e1s, hizo un llamado urgente a las autoridades para que se tomen medidas efectivas que permitan predecir y gestionar las interrupciones en la v\u00eda, y para establecer espacios de di\u00e1logo con las comunidades ind\u00edgenas, con el fin de cumplir con los compromisos prometidos. La situaci\u00f3n demanda una respuesta r\u00e1pida y coordinada para mitigar los efectos devastadores de los bloqueos y restaurar la normalidad en la regi\u00f3n.<\/p>\n","protected":false},"excerpt":{"rendered":"<p>La v\u00eda Panamericana, un corredor crucial para la movilidad entre los departamentos de Valle, Cauca y Nari\u00f1o, enfrenta una crisis sin precedentes debido a los bloqueos continuos. La gobernadora Dilian Francisca Toro ha solicitado de manera enf\u00e1tica al Gobierno Nacional la creaci\u00f3n de un Puesto de Mando Unificado permanente para abordar esta situaci\u00f3n. En un [&hellip;]<\/p>\n","protected":false},"author":3,"featured_media":22792,"comment_status":"open","ping_status":"open","sticky":false,"template":"","format":"video","meta":{"footnotes":""},"categories":[1],"tags":[],"class_list":["post-22791","post","type-post","status-publish","format-video","has-post-thumbnail","hentry","category-uncategorized","post_format-post-format-video"],"_links":{"self":[{"href":"https:\/\/cnctulua.tv\/index.php?rest_route=\/wp\/v2\/posts\/22791","targetHints":{"allow":["GET"]}}],"collection":[{"href":"https:\/\/cnctulua.tv\/index.php?rest_route=\/wp\/v2\/posts"}],"about":[{"href":"https:\/\/cnctulua.tv\/index.php?rest_route=\/wp\/v2\/types\/post"}],"author":[{"embeddable":true,"href":"https:\/\/cnctulua.tv\/index.php?rest_route=\/wp\/v2\/users\/3"}],"replies":[{"embeddable":true,"href":"https:\/\/cnctulua.tv\/index.php?rest_route=%2Fwp%2Fv2%2Fcomments&post=22791"}],"version-history":[{"count":1,"href":"https:\/\/cnctulua.tv\/index.php?rest_route=\/wp\/v2\/posts\/22791\/revisions"}],"predecessor-version":[{"id":22793,"href":"https:\/\/cnctulua.tv\/index.php?rest_route=\/wp\/v2\/posts\/22791\/revisions\/22793"}],"wp:featuredmedia":[{"embeddable":true,"href":"https:\/\/cnctulua.tv\/index.php?rest_route=\/wp\/v2\/media\/22792"}],"wp:attachment":[{"href":"https:\/\/cnctulua.tv\/index.php?rest_route=%2Fwp%2Fv2%2Fmedia&parent=22791"}],"wp:term":[{"taxonomy":"category","embeddable":true,"href":"https:\/\/cnctulua.tv\/index.php?rest_route=%2Fwp%2Fv2%2Fcategories&post=22791"},{"taxonomy":"post_tag","embeddable":true,"href":"https:\/\/cnctulua.tv\/index.php?rest_route=%2Fwp%2Fv2%2Ftags&post=22791"}],"curies":[{"name":"wp","href":"https:\/\/api.w.org\/{rel}","templated":true}]}}