{"id":22830,"date":"2024-08-23T20:12:14","date_gmt":"2024-08-23T20:12:14","guid":{"rendered":"https:\/\/cnctulua.tv\/?p=22830"},"modified":"2024-08-23T20:12:14","modified_gmt":"2024-08-23T20:12:14","slug":"comerciantes-de-la-galeria-y-el-pabellon-de-tulua-celebran-la-primera-feria-gastronomica-y-de-negocios","status":"publish","type":"post","link":"https:\/\/cnctulua.tv\/?p=22830","title":{"rendered":"COMERCIANTES DE LA GALER\u00cdA Y EL PABELL\u00d3N DE TULU\u00c1 CELEBRAN LA PRIMERA FERIA GASTRON\u00d3MICA Y DE NEGOCIOS."},"content":{"rendered":"\n<p>La Galer\u00eda y el Pabell\u00f3n de Tulu\u00e1 est\u00e1n de fiesta con la celebraci\u00f3n de la primera Feria Gastron\u00f3mica y de Negocios, que se llevar\u00e1 a cabo este s\u00e1bado y domingo. Este evento se ha convertido en una plataforma crucial para destacar la diversidad culinaria de la regi\u00f3n y atraer a visitantes de todo el Valle del Cauca.<\/p>\n\n\n\n<p><\/p>\n\n\n\n<figure class=\"wp-block-embed is-type-video is-provider-youtube wp-block-embed-youtube wp-embed-aspect-16-9 wp-has-aspect-ratio\"><div class=\"wp-block-embed__wrapper\">\n<iframe loading=\"lazy\" title=\"La Primera Feria Gastron\u00f3mica y de Negocios de Tulu\u00e1 lista para atraer a propios y visitantes.\" width=\"640\" height=\"360\" src=\"https:\/\/www.youtube.com\/embed\/bu3wrEcdY7o?feature=oembed\" frameborder=\"0\" allow=\"accelerometer; autoplay; clipboard-write; encrypted-media; gyroscope; picture-in-picture; web-share\" referrerpolicy=\"strict-origin-when-cross-origin\" allowfullscreen><\/iframe>\n<\/div><\/figure>\n\n\n\n<p>La feria promete ofrecer una experiencia completa con una variada oferta gastron\u00f3mica que incluye desde platos tradicionales hasta innovadoras propuestas culinarias. Adem\u00e1s de las delicias gastron\u00f3micas, los asistentes podr\u00e1n disfrutar de presentaciones art\u00edsticas, lo que a\u00f1ade un atractivo cultural al evento.<\/p>\n\n\n\n<p>Los comerciantes locales han subrayado la importancia de esta feria para revitalizar la Galer\u00eda y el Pabell\u00f3n, ofreciendo descuentos de hasta el 50% en varios productos. Esta estrategia busca no solo aumentar el flujo de visitantes, sino tambi\u00e9n fomentar el comercio local en una \u00e9poca crucial para la econom\u00eda regional.<\/p>\n\n\n\n<figure class=\"wp-block-gallery has-nested-images columns-default is-cropped wp-block-gallery-1 is-layout-flex wp-block-gallery-is-layout-flex\">\n<figure class=\"wp-block-image size-large\"><img loading=\"lazy\" decoding=\"async\" width=\"940\" height=\"623\" data-id=\"22832\" src=\"https:\/\/cnctulua.tv\/wp-content\/uploads\/2024\/08\/GALERIAAAAA.png\" alt=\"\" class=\"wp-image-22832\" srcset=\"https:\/\/cnctulua.tv\/wp-content\/uploads\/2024\/08\/GALERIAAAAA.png 940w, https:\/\/cnctulua.tv\/wp-content\/uploads\/2024\/08\/GALERIAAAAA-300x199.png 300w, https:\/\/cnctulua.tv\/wp-content\/uploads\/2024\/08\/GALERIAAAAA-768x509.png 768w\" sizes=\"auto, (max-width: 940px) 100vw, 940px\" \/><\/figure>\n<\/figure>\n\n\n\n<p>Jaime Becerra, due\u00f1o del restaurante \u00abPunto y Coma\u00bb, que ofrece hamburguesas artesanales, ha expresado su entusiasmo por el evento: \u201cEste tipo de iniciativas son fundamentales para atraer m\u00e1s p\u00fablico a la galer\u00eda y dar a conocer la oferta de negocios locales. Esperamos que la feria impulse nuestras ventas y permita a los visitantes descubrir lo que tenemos para ofrecer.\u201d Becerra invita a los asistentes a probar sus hamburguesas, que se venden a un precio accesible de 10,000 pesos.<\/p>\n\n\n\n<figure class=\"wp-block-gallery has-nested-images columns-default is-cropped wp-block-gallery-2 is-layout-flex wp-block-gallery-is-layout-flex\">\n<figure class=\"wp-block-image size-large\"><img loading=\"lazy\" decoding=\"async\" width=\"920\" height=\"541\" data-id=\"22833\" src=\"https:\/\/cnctulua.tv\/wp-content\/uploads\/2024\/08\/galeria-FFF.png\" alt=\"\" class=\"wp-image-22833\" srcset=\"https:\/\/cnctulua.tv\/wp-content\/uploads\/2024\/08\/galeria-FFF.png 920w, https:\/\/cnctulua.tv\/wp-content\/uploads\/2024\/08\/galeria-FFF-300x176.png 300w, https:\/\/cnctulua.tv\/wp-content\/uploads\/2024\/08\/galeria-FFF-768x452.png 768w\" sizes=\"auto, (max-width: 920px) 100vw, 920px\" \/><\/figure>\n<\/figure>\n\n\n\n<p>Por su parte, Sonia Janeth Mosquera \u00abMercadeando con Noelia\u00bb, ha resaltado el valor de estos eventos para revitalizar la zona: \u201cQueremos devolverle a la galer\u00eda el dinamismo que ten\u00eda antes. Este tipo de ferias no solo benefician a los comerciantes, sino que tambi\u00e9n ofrecen una experiencia enriquecedora para los visitantes. Los invitamos a disfrutar de nuestras especialidades, como el masato, el champ\u00fa, los trasnochados y el dulce tradicional.\u201d<\/p>\n\n\n\n<figure class=\"wp-block-gallery has-nested-images columns-default is-cropped wp-block-gallery-3 is-layout-flex wp-block-gallery-is-layout-flex\">\n<figure class=\"wp-block-image\"><img decoding=\"async\" src=\"blob:https:\/\/cnctulua.tv\/6a91ddc6-7ea7-4033-93e1-8b020154fe04\" alt=\"\"\/><\/figure>\n<\/figure>\n\n\n\n<p>La primera Feria Gastron\u00f3mica y de Negocios se posiciona como un evento clave para potenciar el comercio y la cultura de Tulu\u00e1. Con una rica variedad de actividades y ofertas especiales, la feria no solo promete atraer a un gran n\u00famero de visitantes, sino tambi\u00e9n fortalecer el comercio local y destacar la riqueza culinaria de la regi\u00f3n.<\/p>\n","protected":false},"excerpt":{"rendered":"<p>La Galer\u00eda y el Pabell\u00f3n de Tulu\u00e1 est\u00e1n de fiesta con la celebraci\u00f3n de la primera Feria Gastron\u00f3mica y de Negocios, que se llevar\u00e1 a cabo este s\u00e1bado y domingo. Este evento se ha convertido en una plataforma crucial para destacar la diversidad culinaria de la regi\u00f3n y atraer a visitantes de todo el Valle [&hellip;]<\/p>\n","protected":false},"author":3,"featured_media":22831,"comment_status":"open","ping_status":"open","sticky":false,"template":"","format":"video","meta":{"footnotes":""},"categories":[1],"tags":[],"class_list":["post-22830","post","type-post","status-publish","format-video","has-post-thumbnail","hentry","category-uncategorized","post_format-post-format-video"],"_links":{"self":[{"href":"https:\/\/cnctulua.tv\/index.php?rest_route=\/wp\/v2\/posts\/22830","targetHints":{"allow":["GET"]}}],"collection":[{"href":"https:\/\/cnctulua.tv\/index.php?rest_route=\/wp\/v2\/posts"}],"about":[{"href":"https:\/\/cnctulua.tv\/index.php?rest_route=\/wp\/v2\/types\/post"}],"author":[{"embeddable":true,"href":"https:\/\/cnctulua.tv\/index.php?rest_route=\/wp\/v2\/users\/3"}],"replies":[{"embeddable":true,"href":"https:\/\/cnctulua.tv\/index.php?rest_route=%2Fwp%2Fv2%2Fcomments&post=22830"}],"version-history":[{"count":0,"href":"https:\/\/cnctulua.tv\/index.php?rest_route=\/wp\/v2\/posts\/22830\/revisions"}],"wp:featuredmedia":[{"embeddable":true,"href":"https:\/\/cnctulua.tv\/index.php?rest_route=\/wp\/v2\/media\/22831"}],"wp:attachment":[{"href":"https:\/\/cnctulua.tv\/index.php?rest_route=%2Fwp%2Fv2%2Fmedia&parent=22830"}],"wp:term":[{"taxonomy":"category","embeddable":true,"href":"https:\/\/cnctulua.tv\/index.php?rest_route=%2Fwp%2Fv2%2Fcategories&post=22830"},{"taxonomy":"post_tag","embeddable":true,"href":"https:\/\/cnctulua.tv\/index.php?rest_route=%2Fwp%2Fv2%2Ftags&post=22830"}],"curies":[{"name":"wp","href":"https:\/\/api.w.org\/{rel}","templated":true}]}}