{"id":22915,"date":"2024-08-27T13:14:06","date_gmt":"2024-08-27T13:14:06","guid":{"rendered":"https:\/\/cnctulua.tv\/?p=22915"},"modified":"2024-08-27T13:14:10","modified_gmt":"2024-08-27T13:14:10","slug":"bugalagrande-avanza-en-acceso-a-salud-especializada-con-jornada-descentralizada-por-parte-del-hospital-departamental-tomas-uribe-uribe","status":"publish","type":"post","link":"https:\/\/cnctulua.tv\/?p=22915","title":{"rendered":"BUGALAGRANDE AVANZA EN ACCESO A SALUD ESPECIALIZADA CON JORNADA DESCENTRALIZADA POR PARTE DEL HOSPITAL DEPARTAMENTAL TOM\u00c1S URIBE URIBE."},"content":{"rendered":"\n<p><\/p>\n\n\n\n<p>El municipio de Bugalagrande fue el escenario de una importante jornada de atenci\u00f3n m\u00e9dica descentralizada, dise\u00f1ada para mejorar el acceso a servicios especializados en \u00e1reas rurales. El evento, realizado recientemente, ha sido facilitado por el Hospital San Bernab\u00e9 en colaboraci\u00f3n con la gobernaci\u00f3n del Valle, la Secretar\u00eda de Salud Departamental y el Hospital Departamental Tom\u00e1s Uribe Uribe a trav\u00e9s de su programa \u201cTom\u00e1s Sin Fronteras\u201d.<\/p>\n\n\n\n<p><\/p>\n\n\n\n<figure class=\"wp-block-embed is-type-video is-provider-youtube wp-block-embed-youtube wp-embed-aspect-16-9 wp-has-aspect-ratio\"><div class=\"wp-block-embed__wrapper\">\n<iframe loading=\"lazy\" title=\"Jornada de atenci\u00f3n m\u00e9dica descentralizada en Bugalagrande: Un avance en la accesibilidad a la salud\" width=\"640\" height=\"360\" src=\"https:\/\/www.youtube.com\/embed\/GVBbbB2h-34?feature=oembed\" frameborder=\"0\" allow=\"accelerometer; autoplay; clipboard-write; encrypted-media; gyroscope; picture-in-picture; web-share\" referrerpolicy=\"strict-origin-when-cross-origin\" allowfullscreen><\/iframe>\n<\/div><\/figure>\n\n\n\n<p>Jhon Janer morarle Garc\u00eda, gerente del Hospital San Bernab\u00e9, destac\u00f3 el impacto positivo de esta iniciativa. \u201cLa estrategia implementada busca acercar la oferta de medicina especializada a municipios como Bugalagrande. Con \u2018Tom\u00e1s Sin Fronteras\u2019, estamos proporcionando servicios en \u00e1reas cr\u00edticas como medicina interna, cirug\u00eda general, ginecoobstetricia y pediatr\u00eda\u201d, afirm\u00f3 Morales Garc\u00eda. Este esfuerzo se enmarca en un plan de colaboraci\u00f3n que incluye la participaci\u00f3n de la alcald\u00eda municipal y la EPS Sanar.<\/p>\n\n\n\n<p>La jornada descentralizada ha permitido a los residentes de Bugalagrande recibir atenci\u00f3n especializada sin la necesidad de desplazarse a centros m\u00e9dicos lejanos, lo cual ha sido especialmente beneficioso para aquellos con necesidades de atenci\u00f3n prolongadas o cr\u00edticas. Esta estrategia tiene como objetivo resolver demandas de atenci\u00f3n que, en ocasiones, hab\u00edan estado en espera debido a la alta demanda de citas con especialistas, las cuales pueden demorar hasta un a\u00f1o.<\/p>\n\n\n\n<p>Mar\u00eda Eugenia Carvajal, una de las beneficiarias de la jornada, expres\u00f3 su satisfacci\u00f3n con los servicios proporcionados. \u201cLa campa\u00f1a es excelente porque permite una atenci\u00f3n m\u00e1s r\u00e1pida y cercana. Las citas con especialistas pueden tardar mucho tiempo, y tener acceso a estos servicios aqu\u00ed mismo en Bugalagrande es un gran alivio\u201d, coment\u00f3 Carvajal.<\/p>\n\n\n\n<p>La jornada resalta la importancia de continuar fortaleciendo las estrategias de atenci\u00f3n descentralizada y la colaboraci\u00f3n entre instituciones locales y departamentales para garantizar que todas las comunidades, especialmente las rurales, puedan acceder a la atenci\u00f3n m\u00e9dica que requieren de manera oportuna.<\/p>\n","protected":false},"excerpt":{"rendered":"<p>El municipio de Bugalagrande fue el escenario de una importante jornada de atenci\u00f3n m\u00e9dica descentralizada, dise\u00f1ada para mejorar el acceso a servicios especializados en \u00e1reas rurales. El evento, realizado recientemente, ha sido facilitado por el Hospital San Bernab\u00e9 en colaboraci\u00f3n con la gobernaci\u00f3n del Valle, la Secretar\u00eda de Salud Departamental y el Hospital Departamental Tom\u00e1s [&hellip;]<\/p>\n","protected":false},"author":4,"featured_media":22916,"comment_status":"open","ping_status":"open","sticky":false,"template":"","format":"video","meta":{"footnotes":""},"categories":[1],"tags":[],"class_list":["post-22915","post","type-post","status-publish","format-video","has-post-thumbnail","hentry","category-uncategorized","post_format-post-format-video"],"_links":{"self":[{"href":"https:\/\/cnctulua.tv\/index.php?rest_route=\/wp\/v2\/posts\/22915","targetHints":{"allow":["GET"]}}],"collection":[{"href":"https:\/\/cnctulua.tv\/index.php?rest_route=\/wp\/v2\/posts"}],"about":[{"href":"https:\/\/cnctulua.tv\/index.php?rest_route=\/wp\/v2\/types\/post"}],"author":[{"embeddable":true,"href":"https:\/\/cnctulua.tv\/index.php?rest_route=\/wp\/v2\/users\/4"}],"replies":[{"embeddable":true,"href":"https:\/\/cnctulua.tv\/index.php?rest_route=%2Fwp%2Fv2%2Fcomments&post=22915"}],"version-history":[{"count":1,"href":"https:\/\/cnctulua.tv\/index.php?rest_route=\/wp\/v2\/posts\/22915\/revisions"}],"predecessor-version":[{"id":22917,"href":"https:\/\/cnctulua.tv\/index.php?rest_route=\/wp\/v2\/posts\/22915\/revisions\/22917"}],"wp:featuredmedia":[{"embeddable":true,"href":"https:\/\/cnctulua.tv\/index.php?rest_route=\/wp\/v2\/media\/22916"}],"wp:attachment":[{"href":"https:\/\/cnctulua.tv\/index.php?rest_route=%2Fwp%2Fv2%2Fmedia&parent=22915"}],"wp:term":[{"taxonomy":"category","embeddable":true,"href":"https:\/\/cnctulua.tv\/index.php?rest_route=%2Fwp%2Fv2%2Fcategories&post=22915"},{"taxonomy":"post_tag","embeddable":true,"href":"https:\/\/cnctulua.tv\/index.php?rest_route=%2Fwp%2Fv2%2Ftags&post=22915"}],"curies":[{"name":"wp","href":"https:\/\/api.w.org\/{rel}","templated":true}]}}