{"id":22939,"date":"2024-08-27T13:55:00","date_gmt":"2024-08-27T13:55:00","guid":{"rendered":"https:\/\/cnctulua.tv\/?p=22939"},"modified":"2024-08-27T13:55:06","modified_gmt":"2024-08-27T13:55:06","slug":"colaboracion-publico-privada-clave-para-el-desarrollo-regional-y-la-reduccion-de-brechas-sociales-en-el-valle-del-cauca","status":"publish","type":"post","link":"https:\/\/cnctulua.tv\/?p=22939","title":{"rendered":"COLABORACI\u00d3N P\u00daBLICO-PRIVADA: CLAVE PARA EL DESARROLLO REGIONAL Y LA REDUCCI\u00d3N DE BRECHAS SOCIALES EN EL VALLE DEL CAUCA."},"content":{"rendered":"\n<p><\/p>\n\n\n\n<p>En una significativa intervenci\u00f3n durante la Asamblea de la ANDI, que tuvo lugar en Cali para conmemorar los 80 a\u00f1os de la entidad, la gobernadora del Valle, Dilian Francisca Toro, enfatiz\u00f3 la importancia de la colaboraci\u00f3n entre el sector p\u00fablico y privado para fomentar el desarrollo regional y reducir las brechas sociales.<\/p>\n\n\n\n<p><\/p>\n\n\n\n<figure class=\"wp-block-embed is-type-video is-provider-youtube wp-block-embed-youtube wp-embed-aspect-16-9 wp-has-aspect-ratio\"><div class=\"wp-block-embed__wrapper\">\n<iframe loading=\"lazy\" title=\"En la Asamblea de la ANDI: Destacada colaboraci\u00f3n P\u00fablico-Privada para el desarrollo regional.\" width=\"640\" height=\"360\" src=\"https:\/\/www.youtube.com\/embed\/t9hI0U9kUOw?feature=oembed\" frameborder=\"0\" allow=\"accelerometer; autoplay; clipboard-write; encrypted-media; gyroscope; picture-in-picture; web-share\" referrerpolicy=\"strict-origin-when-cross-origin\" allowfullscreen><\/iframe>\n<\/div><\/figure>\n\n\n\n<p>La gobernadora Toro abord\u00f3 varios proyectos clave que est\u00e1n en marcha para mejorar la competitividad del Valle del Cauca. \u201cTenemos proyectos claves como el Tren Cercan\u00edas, que venimos impulsando desde el 2016 y esperamos tener lista la licitaci\u00f3n del primer tramo el pr\u00f3ximo a\u00f1o; la Malla Vial, que son las primeras v\u00edas 5G del pa\u00eds; hace una semana comenz\u00f3 la \u00faltima fase de la doble calzada Buga-Buenaventura,\u201d afirm\u00f3 Toro. A\u00f1adi\u00f3 que, en febrero del pr\u00f3ximo a\u00f1o, se abrir\u00e1 la licitaci\u00f3n para el operador del aeropuerto \u2018Alfonso Bonilla Arag\u00f3n\u2019, con adjudicaci\u00f3n prevista para marzo o junio, dependiendo del n\u00famero de proponentes.<\/p>\n\n\n\n<p>En su intervenci\u00f3n, la mandataria tambi\u00e9n destac\u00f3 el trabajo en seguridad y control territorial. \u201cNo hab\u00eda ninguna institucionalidad, sobre todo en el sector rural de Jamund\u00ed. Se ha hecho un trabajo con las Fuerzas P\u00fablicas, y esa presi\u00f3n ha generado ataques terroristas, pero ya en 15 d\u00edas estaremos teniendo los inhibidores de drones para poder tener mucha m\u00e1s seguridad, frente a los atentados que nos estaban realizando desde los drones,\u201d explic\u00f3 Toro.<\/p>\n\n\n\n<p>Adem\u00e1s, Toro present\u00f3 los programas de su gobierno destinados a los j\u00f3venes, como Digicampus y las mil becas para programadores. \u201cInvito a los empresarios a apostarle a la educaci\u00f3n dual y aunar esfuerzos y articularse con VALLEmplea, programa gubernamental que busca formar a j\u00f3venes y brindarles empleabilidad,\u201d manifest\u00f3 la gobernadora.<\/p>\n\n\n\n<p>Bruce Mac Master, presidente de la ANDI, subray\u00f3 la importancia de esta colaboraci\u00f3n. \u201cEl empresariado siempre ha sido un actor constructivo en t\u00e9rminos de econom\u00eda del territorio, y eso es lo que nosotros tenemos como principio general. Con la Gobernaci\u00f3n tenemos en este momento un di\u00e1logo muy fluido y esperamos poder profundizar y convertirlos en proyectos concretos,\u201d coment\u00f3 Mac Master.<\/p>\n\n\n\n<p>Durante la Asamblea, la Gobernaci\u00f3n del Valle tambi\u00e9n otorg\u00f3 a la ANDI el reconocimiento Gran Cruz en agradecimiento por su labor en el desarrollo y fortalecimiento del sector empresarial del departamento a lo largo de sus 80 a\u00f1os de existencia.<\/p>\n\n\n\n<p>La estrecha colaboraci\u00f3n entre el sector p\u00fablico y privado contin\u00faa siendo esencial para enfrentar los desaf\u00edos y promover el desarrollo sostenible en el Valle del Cauca, marcando un camino claro hacia un futuro m\u00e1s competitivo y equitativo para la regi\u00f3n. &nbsp;<\/p>\n","protected":false},"excerpt":{"rendered":"<p>En una significativa intervenci\u00f3n durante la Asamblea de la ANDI, que tuvo lugar en Cali para conmemorar los 80 a\u00f1os de la entidad, la gobernadora del Valle, Dilian Francisca Toro, enfatiz\u00f3 la importancia de la colaboraci\u00f3n entre el sector p\u00fablico y privado para fomentar el desarrollo regional y reducir las brechas sociales. La gobernadora Toro [&hellip;]<\/p>\n","protected":false},"author":4,"featured_media":22940,"comment_status":"open","ping_status":"open","sticky":false,"template":"","format":"video","meta":{"footnotes":""},"categories":[1],"tags":[],"class_list":["post-22939","post","type-post","status-publish","format-video","has-post-thumbnail","hentry","category-uncategorized","post_format-post-format-video"],"_links":{"self":[{"href":"https:\/\/cnctulua.tv\/index.php?rest_route=\/wp\/v2\/posts\/22939","targetHints":{"allow":["GET"]}}],"collection":[{"href":"https:\/\/cnctulua.tv\/index.php?rest_route=\/wp\/v2\/posts"}],"about":[{"href":"https:\/\/cnctulua.tv\/index.php?rest_route=\/wp\/v2\/types\/post"}],"author":[{"embeddable":true,"href":"https:\/\/cnctulua.tv\/index.php?rest_route=\/wp\/v2\/users\/4"}],"replies":[{"embeddable":true,"href":"https:\/\/cnctulua.tv\/index.php?rest_route=%2Fwp%2Fv2%2Fcomments&post=22939"}],"version-history":[{"count":1,"href":"https:\/\/cnctulua.tv\/index.php?rest_route=\/wp\/v2\/posts\/22939\/revisions"}],"predecessor-version":[{"id":22941,"href":"https:\/\/cnctulua.tv\/index.php?rest_route=\/wp\/v2\/posts\/22939\/revisions\/22941"}],"wp:featuredmedia":[{"embeddable":true,"href":"https:\/\/cnctulua.tv\/index.php?rest_route=\/wp\/v2\/media\/22940"}],"wp:attachment":[{"href":"https:\/\/cnctulua.tv\/index.php?rest_route=%2Fwp%2Fv2%2Fmedia&parent=22939"}],"wp:term":[{"taxonomy":"category","embeddable":true,"href":"https:\/\/cnctulua.tv\/index.php?rest_route=%2Fwp%2Fv2%2Fcategories&post=22939"},{"taxonomy":"post_tag","embeddable":true,"href":"https:\/\/cnctulua.tv\/index.php?rest_route=%2Fwp%2Fv2%2Ftags&post=22939"}],"curies":[{"name":"wp","href":"https:\/\/api.w.org\/{rel}","templated":true}]}}