{"id":22942,"date":"2024-08-27T13:57:15","date_gmt":"2024-08-27T13:57:15","guid":{"rendered":"https:\/\/cnctulua.tv\/?p=22942"},"modified":"2024-08-27T13:57:19","modified_gmt":"2024-08-27T13:57:19","slug":"el-hospital-departamental-tomas-uribe-uribe-llevo-atencion-especializada-a-bugalagrande-con-la-jornada-tomas-sin-fronteras","status":"publish","type":"post","link":"https:\/\/cnctulua.tv\/?p=22942","title":{"rendered":"EL HOSPITAL DEPARTAMENTAL TOM\u00c1S URIBE URIBE LLEV\u00d3 ATENCI\u00d3N ESPECIALIZADA A BUGALAGRANDE CON LA JORNADA \u00abTOMAS SIN FRONTERAS."},"content":{"rendered":"\n<p>El Hospital Departamental Tom\u00e1s Uribe Uribe llev\u00f3 a cabo el pasado s\u00e1bado una jornada de atenci\u00f3n m\u00e9dica especializada en el municipio de Bugalagrande bajo el programa \u201cTomas sin Fronteras\u201d. Este evento, que marc\u00f3 la cuarta jornada extramural organizada por la instituci\u00f3n, moviliz\u00f3 a cuatro especialistas para atender a m\u00e1s de 100 pacientes en diversas \u00e1reas, incluyendo pediatr\u00eda, ginecolog\u00eda y cirug\u00eda.<\/p>\n\n\n\n<p><\/p>\n\n\n\n<figure class=\"wp-block-embed is-type-video is-provider-youtube wp-block-embed-youtube wp-embed-aspect-16-9 wp-has-aspect-ratio\"><div class=\"wp-block-embed__wrapper\">\n<iframe loading=\"lazy\" title=\"\u00c9xito en cuarta jornada \u2018Tom\u00e1s Sin Fronteras\u2019: M\u00e1s de 100 pacientes atendidos en Bugalagrande.\" width=\"640\" height=\"360\" src=\"https:\/\/www.youtube.com\/embed\/2SHrjh-b_Cg?feature=oembed\" frameborder=\"0\" allow=\"accelerometer; autoplay; clipboard-write; encrypted-media; gyroscope; picture-in-picture; web-share\" referrerpolicy=\"strict-origin-when-cross-origin\" allowfullscreen><\/iframe>\n<\/div><\/figure>\n\n\n\n<p>C\u00e9sar Augusto Rodr\u00edguez, Subgerente Cient\u00edfico del Hospital, resalt\u00f3 el impacto positivo de la jornada. \u201cEl balance es completamente favorable. Hemos tra\u00eddo nuestro portafolio institucional a municipios como Bugalagrande, brindando atenci\u00f3n a pacientes que hab\u00edan esperado mucho tiempo por una consulta especializada,\u201d afirm\u00f3 Rodr\u00edguez. La iniciativa busca solucionar la falta de acceso a servicios m\u00e9dicos especializados para aquellos pacientes que enfrentan dificultades para trasladarse a centros urbanos principales como Cali.<\/p>\n\n\n\n<p>El Subgerente Cient\u00edfico del Hospital Departamental Tom\u00e1s Uribe Uribe de Tulu\u00e1 destac\u00f3 que esta jornada se enmarca en una estrategia m\u00e1s amplia de descentralizaci\u00f3n de servicios de salud, en consonancia con las pol\u00edticas de la Gobernaci\u00f3n del Valle del Cauca y la direcci\u00f3n de la doctora Dilian Francisca Toro. \u201cLa estrategia de descentralizaci\u00f3n es fundamental para garantizar que los pacientes reciban la atenci\u00f3n necesaria sin tener que recorrer largas distancias,\u201d explic\u00f3 el Subgerente.<\/p>\n\n\n\n<p>Ana Luisa Mar\u00edn Berm\u00fadez, Coordinadora del Proceso Ambulatorio del hospital, detall\u00f3 que el programa realiza entre una y dos jornadas mensuales en diferentes municipios circundantes. \u201cEstas actividades son cruciales para eliminar las barreras de acceso a atenci\u00f3n m\u00e9dica especializada. Es una forma de asegurar que los pacientes reciban el cuidado oportuno que necesitan,\u201d se\u00f1al\u00f3 Mar\u00edn.<\/p>\n\n\n\n<p>Adem\u00e1s, la Coordinadora del Proceso Ambulatorio inform\u00f3 que los pacientes pueden mantenerse informados sobre futuras jornadas a trav\u00e9s de las redes sociales del hospital y el contacto de las EPS locales. Esta comunicaci\u00f3n asegura que los ciudadanos de \u00e1reas rurales no se pierdan la oportunidad de recibir atenci\u00f3n m\u00e9dica especializada cerca de sus hogares.<\/p>\n\n\n\n<p>la jornada \u201cTomas sin Fronteras\u201d contin\u00faa demostrando su valor al llevar atenci\u00f3n m\u00e9dica especializada a comunidades necesitadas, mejorando el acceso a servicios de salud en el Valle del Cauca y contribuyendo a una cobertura sanitaria m\u00e1s equitativa.<\/p>\n","protected":false},"excerpt":{"rendered":"<p>El Hospital Departamental Tom\u00e1s Uribe Uribe llev\u00f3 a cabo el pasado s\u00e1bado una jornada de atenci\u00f3n m\u00e9dica especializada en el municipio de Bugalagrande bajo el programa \u201cTomas sin Fronteras\u201d. Este evento, que marc\u00f3 la cuarta jornada extramural organizada por la instituci\u00f3n, moviliz\u00f3 a cuatro especialistas para atender a m\u00e1s de 100 pacientes en diversas \u00e1reas, [&hellip;]<\/p>\n","protected":false},"author":4,"featured_media":22943,"comment_status":"open","ping_status":"open","sticky":false,"template":"","format":"video","meta":{"footnotes":""},"categories":[1],"tags":[],"class_list":["post-22942","post","type-post","status-publish","format-video","has-post-thumbnail","hentry","category-uncategorized","post_format-post-format-video"],"_links":{"self":[{"href":"https:\/\/cnctulua.tv\/index.php?rest_route=\/wp\/v2\/posts\/22942","targetHints":{"allow":["GET"]}}],"collection":[{"href":"https:\/\/cnctulua.tv\/index.php?rest_route=\/wp\/v2\/posts"}],"about":[{"href":"https:\/\/cnctulua.tv\/index.php?rest_route=\/wp\/v2\/types\/post"}],"author":[{"embeddable":true,"href":"https:\/\/cnctulua.tv\/index.php?rest_route=\/wp\/v2\/users\/4"}],"replies":[{"embeddable":true,"href":"https:\/\/cnctulua.tv\/index.php?rest_route=%2Fwp%2Fv2%2Fcomments&post=22942"}],"version-history":[{"count":1,"href":"https:\/\/cnctulua.tv\/index.php?rest_route=\/wp\/v2\/posts\/22942\/revisions"}],"predecessor-version":[{"id":22944,"href":"https:\/\/cnctulua.tv\/index.php?rest_route=\/wp\/v2\/posts\/22942\/revisions\/22944"}],"wp:featuredmedia":[{"embeddable":true,"href":"https:\/\/cnctulua.tv\/index.php?rest_route=\/wp\/v2\/media\/22943"}],"wp:attachment":[{"href":"https:\/\/cnctulua.tv\/index.php?rest_route=%2Fwp%2Fv2%2Fmedia&parent=22942"}],"wp:term":[{"taxonomy":"category","embeddable":true,"href":"https:\/\/cnctulua.tv\/index.php?rest_route=%2Fwp%2Fv2%2Fcategories&post=22942"},{"taxonomy":"post_tag","embeddable":true,"href":"https:\/\/cnctulua.tv\/index.php?rest_route=%2Fwp%2Fv2%2Ftags&post=22942"}],"curies":[{"name":"wp","href":"https:\/\/api.w.org\/{rel}","templated":true}]}}