{"id":22956,"date":"2024-08-27T14:43:55","date_gmt":"2024-08-27T14:43:55","guid":{"rendered":"https:\/\/cnctulua.tv\/?p=22956"},"modified":"2024-08-27T14:43:59","modified_gmt":"2024-08-27T14:43:59","slug":"imponen-medida-de-aseguramiento-a-dos-personas-por-el-crimen-de-una-mujer-trans-en-cali","status":"publish","type":"post","link":"https:\/\/cnctulua.tv\/?p=22956","title":{"rendered":"IMPONEN MEDIDA DE ASEGURAMIENTO A DOS PERSONAS POR EL CRIMEN DE UNA MUJER TRANS EN CALI"},"content":{"rendered":"\n<p>En respuesta a una solicitud de la Fiscal\u00eda General de la Naci\u00f3n, jueces de control de garant\u00edas han dictado medida de aseguramiento en establecimiento carcelario para dos personas involucradas en la muerte de una mujer trans en Cali, Valle del Cauca. El crimen ocurri\u00f3 el 21 de abril y ha conmocionado a la comunidad local.<\/p>\n\n\n\n<figure class=\"wp-block-embed is-type-video is-provider-youtube wp-block-embed-youtube wp-embed-aspect-16-9 wp-has-aspect-ratio\"><div class=\"wp-block-embed__wrapper\">\n<iframe loading=\"lazy\" title=\"Dos personas fueron judicializadas por crimen contra mujer trans en Cali.\" width=\"640\" height=\"360\" src=\"https:\/\/www.youtube.com\/embed\/XlAYaRxwtxw?feature=oembed\" frameborder=\"0\" allow=\"accelerometer; autoplay; clipboard-write; encrypted-media; gyroscope; picture-in-picture; web-share\" referrerpolicy=\"strict-origin-when-cross-origin\" allowfullscreen><\/iframe>\n<\/div><\/figure>\n\n\n\n<p><\/p>\n\n\n\n<p>Las investigaciones iniciales indican que uno de los implicados contact\u00f3 a la v\u00edctima y la llev\u00f3 a un inmueble ubicado en el <a>barrio San Nicol\u00e1s<\/a>. En ese lugar, el sospechoso presuntamente agredi\u00f3 a la mujer debido a una disputa sobre pertenencias, un patr\u00f3n de violencia que hab\u00eda sido reportado anteriormente en otros casos similares. Posteriormente, el acusado sali\u00f3 del inmueble y regres\u00f3 en un veh\u00edculo acompa\u00f1ado por tres personas, quienes tambi\u00e9n habr\u00edan participado en el ataque. Los agresores habr\u00edan utilizado un rev\u00f3lver durante el ataque y, cuando la v\u00edctima intent\u00f3 escapar, se afirma que recibi\u00f3 un disparo.<\/p>\n\n\n\n<p>La investigaci\u00f3n, liderada por una fiscal de la Direcci\u00f3n Seccional de Cali y respaldada por el Grupo Nacional de Trabajo para la Investigaci\u00f3n de Violencias Fundadas en la Orientaci\u00f3n Sexual y\/o Identidad de G\u00e9nero de la V\u00edctima, permiti\u00f3 identificar y capturar a los implicados en diferentes puntos de la ciudad. La operaci\u00f3n fue realizada en conjunto por el CTI y la Polic\u00eda Nacional.<\/p>\n\n\n\n<p>A uno de los detenidos se le imputa el delito de feminicidio agravado y fabricaci\u00f3n, tr\u00e1fico o porte de armas de fuego. La otra persona enfrenta cargos por homicidio agravado, fabricaci\u00f3n, tr\u00e1fico o porte de armas de fuego, as\u00ed como falsedad personal por haber presentado una c\u00e9dula falsa durante su detenci\u00f3n.<\/p>\n","protected":false},"excerpt":{"rendered":"<p>En respuesta a una solicitud de la Fiscal\u00eda General de la Naci\u00f3n, jueces de control de garant\u00edas han dictado medida de aseguramiento en establecimiento carcelario para dos personas involucradas en la muerte de una mujer trans en Cali, Valle del Cauca. El crimen ocurri\u00f3 el 21 de abril y ha conmocionado a la comunidad local. [&hellip;]<\/p>\n","protected":false},"author":4,"featured_media":22958,"comment_status":"open","ping_status":"open","sticky":false,"template":"","format":"video","meta":{"footnotes":""},"categories":[1],"tags":[],"class_list":["post-22956","post","type-post","status-publish","format-video","has-post-thumbnail","hentry","category-uncategorized","post_format-post-format-video"],"_links":{"self":[{"href":"https:\/\/cnctulua.tv\/index.php?rest_route=\/wp\/v2\/posts\/22956","targetHints":{"allow":["GET"]}}],"collection":[{"href":"https:\/\/cnctulua.tv\/index.php?rest_route=\/wp\/v2\/posts"}],"about":[{"href":"https:\/\/cnctulua.tv\/index.php?rest_route=\/wp\/v2\/types\/post"}],"author":[{"embeddable":true,"href":"https:\/\/cnctulua.tv\/index.php?rest_route=\/wp\/v2\/users\/4"}],"replies":[{"embeddable":true,"href":"https:\/\/cnctulua.tv\/index.php?rest_route=%2Fwp%2Fv2%2Fcomments&post=22956"}],"version-history":[{"count":1,"href":"https:\/\/cnctulua.tv\/index.php?rest_route=\/wp\/v2\/posts\/22956\/revisions"}],"predecessor-version":[{"id":22959,"href":"https:\/\/cnctulua.tv\/index.php?rest_route=\/wp\/v2\/posts\/22956\/revisions\/22959"}],"wp:featuredmedia":[{"embeddable":true,"href":"https:\/\/cnctulua.tv\/index.php?rest_route=\/wp\/v2\/media\/22958"}],"wp:attachment":[{"href":"https:\/\/cnctulua.tv\/index.php?rest_route=%2Fwp%2Fv2%2Fmedia&parent=22956"}],"wp:term":[{"taxonomy":"category","embeddable":true,"href":"https:\/\/cnctulua.tv\/index.php?rest_route=%2Fwp%2Fv2%2Fcategories&post=22956"},{"taxonomy":"post_tag","embeddable":true,"href":"https:\/\/cnctulua.tv\/index.php?rest_route=%2Fwp%2Fv2%2Ftags&post=22956"}],"curies":[{"name":"wp","href":"https:\/\/api.w.org\/{rel}","templated":true}]}}